{"id":964,"date":"2025-01-31T11:43:21","date_gmt":"2025-01-31T14:43:21","guid":{"rendered":"https:\/\/posgraduacao.uea.edu.br\/direitoambiental\/?p=964"},"modified":"2025-06-02T17:50:49","modified_gmt":"2025-06-02T20:50:49","slug":"programa-de-pos-graduacao-stricto-sensu-ppg-mestrado-em-biotecnologia-e-recursos-naturais-mbt-uea","status":"publish","type":"post","link":"http:\/\/posgraduacao.uea.edu.br\/direitoambiental\/index.php\/2025\/01\/31\/programa-de-pos-graduacao-stricto-sensu-ppg-mestrado-em-biotecnologia-e-recursos-naturais-mbt-uea\/","title":{"rendered":"Programa de P\u00f3s-Gradua\u00e7\u00e3o Stricto Sensu em direito Ambiental"},"content":{"rendered":"\n<p>O programa de&nbsp;<strong>P\u00f3s-Gradua\u00e7\u00e3o&nbsp;<em>Stricto Sensu<\/em><\/strong>&nbsp;da&nbsp;<strong>Universidade do Estado do Amazonas (UEA)<\/strong>, sob a coordena\u00e7\u00e3o da&nbsp;<strong>Professora Gl\u00e1ucia Maria Ara\u00fajo de Ribeiro<\/strong>, \u00e9 um curso de mestrado e\/ou doutorado voltado para \u00e1reas espec\u00edficas do conhecimento, com foco em pesquisa acad\u00eamica e forma\u00e7\u00e3o de profissionais qualificados.<\/p>\n\n\n\n<p>A&nbsp;<strong>Prof.\u00aa Gl\u00e1ucia Ribeiro<\/strong>&nbsp;\u00e9 uma docente e pesquisadora reconhecida em sua \u00e1rea de atua\u00e7\u00e3o, contribuindo para a orienta\u00e7\u00e3o de disserta\u00e7\u00f5es e teses, al\u00e9m de participar de projetos cient\u00edficos relevantes para a regi\u00e3o amaz\u00f4nica e al\u00e9m.<\/p>\n\n\n\n<p>O programa segue as diretrizes da&nbsp;<strong>CAPES (Coordena\u00e7\u00e3o de Aperfei\u00e7oamento de Pessoal de N\u00edvel Superior)<\/strong>&nbsp;e pode abranger diferentes \u00e1reas, como:<\/p>\n\n\n\n<ul class=\"wp-block-list\">\n<li><strong>Sa\u00fade, Sociedade e Ambiente na Amaz\u00f4nia<\/strong><\/li>\n\n\n\n<li><strong>Biotecnologia e Recursos Naturais<\/strong><\/li>\n\n\n\n<li><strong>Educa\u00e7\u00e3o, Ci\u00eancias Humanas e Sociais<\/strong><\/li>\n\n\n\n<li><strong>Desenvolvimento Regional e Sustentabilidade<\/strong><\/li>\n<\/ul>\n\n\n\n<p>A UEA, por ser uma institui\u00e7\u00e3o p\u00fablica amazonense, tem forte atua\u00e7\u00e3o em pesquisas relacionadas \u00e0&nbsp;<strong>Amaz\u00f4nia<\/strong>, integrando conhecimentos locais com avan\u00e7os cient\u00edficos.<\/p>\n\n\n\n<p>Caso queira informa\u00e7\u00f5es mais espec\u00edficas sobre a linha de pesquisa da&nbsp;<strong>Prof.\u00aa Gl\u00e1ucia<\/strong>&nbsp;ou sobre o edital do programa, recomenda-se consultar o&nbsp;<strong>site oficial da UEA<\/strong>&nbsp;ou entrar em contato com a&nbsp;<strong>Pr\u00f3-Reitoria de Pesquisa e P\u00f3s-Gradua\u00e7\u00e3o (PPG)<\/strong>&nbsp;da universidade.<\/p>\n\n\n\n<figure class=\"wp-block-image size-full\"><img decoding=\"async\" src=\"http:\/\/posgraduacao.uea.edu.br\/direitoambiental\/wp-content\/uploads\/2025\/05\/WhatsApp-Image-2025-05-21-at-15.55.19-1.jpeg\" alt=\"\" class=\"wp-image-1006\"\/><\/figure>\n\n\n\n<p class=\"has-palette-color-4-color has-palette-color-4-background-color has-text-color has-background has-link-color wp-elements-de86e1ec619932b940e8356fdda147b4\"><\/p>\n\n\n\n<p class=\"has-vivid-cyan-blue-color has-text-color has-link-color wp-elements-9bb766919035b644977e69d9d43e79bb\"><\/p>\n","protected":false},"excerpt":{"rendered":"<p>O programa de&nbsp;P\u00f3s-Gradua\u00e7\u00e3o&nbsp;Stricto Sensu&nbsp;da&nbsp;Universidade do Estado do Amazonas (UEA), sob a coordena\u00e7\u00e3o da&nbsp;Professora Gl\u00e1ucia Maria Ara\u00fajo de Ribeiro, \u00e9 um curso de mestrado e\/ou doutorado voltado para \u00e1reas espec\u00edficas do conhecimento, com foco em pesquisa acad\u00eamica e forma\u00e7\u00e3o de profissionais qualificados. A&nbsp;Prof.\u00aa Gl\u00e1ucia Ribeiro&nbsp;\u00e9 uma docente e pesquisadora reconhecida em sua \u00e1rea de atua\u00e7\u00e3o, contribuindo [&hellip;]<\/p>\n","protected":false},"author":1,"featured_media":1046,"comment_status":"open","ping_status":"open","sticky":false,"template":"","format":"standard","meta":{"footnotes":""},"categories":[3],"tags":[],"class_list":["post-964","post","type-post","status-publish","format-standard","has-post-thumbnail","hentry","category-dissertacoes"],"blocksy_meta":[],"_links":{"self":[{"href":"http:\/\/posgraduacao.uea.edu.br\/direitoambiental\/index.php\/wp-json\/wp\/v2\/posts\/964","targetHints":{"allow":["GET"]}}],"collection":[{"href":"http:\/\/posgraduacao.uea.edu.br\/direitoambiental\/index.php\/wp-json\/wp\/v2\/posts"}],"about":[{"href":"http:\/\/posgraduacao.uea.edu.br\/direitoambiental\/index.php\/wp-json\/wp\/v2\/types\/post"}],"author":[{"embeddable":true,"href":"http:\/\/posgraduacao.uea.edu.br\/direitoambiental\/index.php\/wp-json\/wp\/v2\/users\/1"}],"replies":[{"embeddable":true,"href":"http:\/\/posgraduacao.uea.edu.br\/direitoambiental\/index.php\/wp-json\/wp\/v2\/comments?post=964"}],"version-history":[{"count":4,"href":"http:\/\/posgraduacao.uea.edu.br\/direitoambiental\/index.php\/wp-json\/wp\/v2\/posts\/964\/revisions"}],"predecessor-version":[{"id":1035,"href":"http:\/\/posgraduacao.uea.edu.br\/direitoambiental\/index.php\/wp-json\/wp\/v2\/posts\/964\/revisions\/1035"}],"wp:featuredmedia":[{"embeddable":true,"href":"http:\/\/posgraduacao.uea.edu.br\/direitoambiental\/index.php\/wp-json\/wp\/v2\/media\/1046"}],"wp:attachment":[{"href":"http:\/\/posgraduacao.uea.edu.br\/direitoambiental\/index.php\/wp-json\/wp\/v2\/media?parent=964"}],"wp:term":[{"taxonomy":"category","embeddable":true,"href":"http:\/\/posgraduacao.uea.edu.br\/direitoambiental\/index.php\/wp-json\/wp\/v2\/categories?post=964"},{"taxonomy":"post_tag","embeddable":true,"href":"http:\/\/posgraduacao.uea.edu.br\/direitoambiental\/index.php\/wp-json\/wp\/v2\/tags?post=964"}],"curies":[{"name":"wp","href":"https:\/\/api.w.org\/{rel}","templated":true}]}}